{"id":7663,"date":"2023-08-23T11:22:06","date_gmt":"2023-08-23T09:22:06","guid":{"rendered":"https:\/\/hrdays.net\/?p=7663"},"modified":"2023-08-23T13:48:45","modified_gmt":"2023-08-23T11:48:45","slug":"jeste-li-spremni-za-hr-dogadaj-godineodbrojavanje-je-pocelo","status":"publish","type":"post","link":"https:\/\/hrdays.net\/en\/2023\/08\/23\/jeste-li-spremni-za-hr-dogadaj-godineodbrojavanje-je-pocelo\/","title":{"rendered":"Are you ready for the HR event of the year? The countdown has started!"},"content":{"rendered":"<p class=\"translation-block\">At the end of summer, more precisely on September 20 and 21, Rovinj becomes the epicenter of the largest and longest-running conference dedicated to human potential in our region - <a href=\"https:\/\/hrdays.net\/en\/\" target=\"_blank\" rel=\"noreferrer noopener\">11. HR Days conference<\/a>!<\/p>\n\n\n\n<p>Get ready for two unforgettable days filled with inspiration, knowledge and fun, at an event that will bring together HR experts who are changing the world of human resources in one place! Experts like you!<\/p>\n\n\n\n<h2 class=\"wp-block-heading has-medium-font-size\"><strong>Find opportunities in every challenge<\/strong><\/h2>\n\n\n\n<p>We are proud to highlight our impressive list of this year's speakers and lecturers, among whom are prominent HR professionals, experts and leaders:<\/p>\n\n\n\n<ul class=\"wp-block-list\">\n<li class=\"translation-block\"><strong>Marnick Vandebroek<\/strong>, a certified NLP practitioner and the most sought-after Belgian keynote speaker will reveal to you how to create an interesting story and convey it to others with enthusiasm!<\/li>\n\n\n\n<li><strong>Steve Usher&nbsp;<\/strong>is a successful entrepreneur and podcaster whose lecture \"More Human Experience\" will change the way you think about human resources<\/li>\n\n\n\n<li><strong>Nicklas Prydol<\/strong>&nbsp;brings us a vision of the future of HR, devising ways to adapt to the challenges of tomorrow<\/li>\n\n\n\n<li class=\"translation-block\">Business leader <strong>Nigel Jeremy<\/strong> will inspire you by redefining learning, business development and rewarding employees<\/li>\n\n\n\n<li><strong>Natal Dank<\/strong>, the world leader in Agile HR, will reveal to us how to deliver performance through your HR strategy and set new standards for success<\/li>\n\n\n\n<li class=\"translation-block\">Experienced keynote speaker<strong>\u00a0Oliver Medill<\/strong>\u00a0has always focused on \"The Opportunities Ahead\" in his work, and at the Days he will help us see the opportunities in every challenge!<\/li>\n\n\n\n<li class=\"translation-block\"><strong>Suzanne Lucas<\/strong>, better known as the 'Evil HR lady', will show us her 'good side' by answering the question you have surely asked yourself - <em>\"How to use ChatGPT in human resources?\"<\/em><\/li>\n\n\n\n<li><strong>Josip Pavli\u010dek<\/strong>, an expert in lie detection, reveals the secrets of selection processes (3.0) and methods of finding ideal candidates&nbsp;<\/li>\n\n\n\n<li class=\"translation-block\">Clinical psychologist, <strong>Danijela Ostoji\u0107<\/strong>, will put the topic of building successful relationships, which are key to success in business and personal life, under the spotlight<\/li>\n\n\n\n<li class=\"translation-block\">What has been cooking in the HR world in the last year, we will find out firsthand from the representatives of this year's <a href=\"https:\/\/hrprakse.hr\/en\/\" target=\"_self\"><strong>Best regional HR practices<\/strong>!<\/a><\/li>\n<\/ul>\n\n\n\n<h2 class=\"wp-block-heading has-medium-font-size\"><strong>Interactive workshops: Your new HR experiences!<\/strong><\/h2>\n\n\n\n<p>Unleash your leadership potential with interactive workshops that will challenge you and encourage you to think creatively:&nbsp;<\/p>\n\n\n\n<ul class=\"wp-block-list\">\n<li><strong>Steve Usher<\/strong>&nbsp;will take you on a great journey where you will create unforgettable experiences<\/li>\n\n\n\n<li class=\"translation-block\">Senior HR advisors and Leadership trainers <strong>Jasna Belamari\u0107<\/strong> and <strong>Kristina Popovi\u0107 Vui\u0107<\/strong> will guide you through the process of unlocking your leadership potential.<\/li>\n\n\n\n<li class=\"translation-block\">HR consultants Ph.D. <strong>Dario Car<\/strong>, <strong>Petar \u010cali\u0107<\/strong> and <strong>Dario Perak<\/strong> invite you on a \"journey through imagination\" with the aim of reaching new levels of mutual understanding and creativity.<\/li>\n\n\n\n<li class=\"translation-block\"><strong> Ph.D. Kre\u0161imir Dela\u010d<\/strong>, bravely investigates the \"hell of fluctuation\", giving answers to the eternal question \"<em>how to keep our most important talents?\"<\/em><\/li>\n\n\n\n<li class=\"translation-block\"><strong>Ivana Barbara Turkalj<\/strong><em> will help you optimize energy capacity in an efficient and sustainable way<\/em><\/li>\n\n\n\n<li class=\"translation-block\">Of course, the indispensable\u00a0<strong>Masterclass<\/strong>\u00a0will be held this year at the Grand Park Hotel Rovinj, where <strong>Natal Dank<\/strong> will make sure that you learn from each other and explore how to overcome the challenges faced by leaders when implementing strategies.<\/li>\n<\/ul>\n\n\n\n<h2 class=\"wp-block-heading has-medium-font-size\"><strong>Unmissable panels and new perspectives<\/strong><\/h2>\n\n\n\n<p>In addition to great lectures and workshops, this year's edition of the conference also brings two panels that will deepen your understanding of key topics from the world of human resources:<\/p>\n\n\n\n<p>In today's business world, where different generations work together, understanding the needs and expectations of the new generation Z is extremely important.<\/p>\n\n\n\n<ul class=\"wp-block-list\">\n<li class=\"translation-block\">The panel<strong><em>\u201cGen Z \u2013 management challenges, expectations, tips&amp;tricks\u201d<\/em><\/strong> will consider how to adapt to new ways of working and communicating to ensure successful management and collaboration.<\/li>\n\n\n\n<li class=\"translation-block\">Also, there is a panel on <strong><em>\u201cData Driven Employer Branding\u201d<\/em><\/strong>, which will explore how the application of data can shape recruitment strategy and employer image building.<\/li>\n<\/ul>\n\n\n\n<h2 class=\"wp-block-heading has-medium-font-size\"><strong>Entertainment at HR nights<\/strong><\/h2>\n\n\n\n<p class=\"translation-block\">The HR Days conference is by no means just a business event - after the day's program, enjoy the evening excitement with one of the most famous names of the Croatian music scene - <strong>Matija Cvek<\/strong>!<\/p>\n\n\n\n<p>The dance floor is waiting for you!<\/p>\n\n\n\n<p class=\"translation-block\"><a href=\"https:\/\/hrdays.net\/en\/event\/hr-days-2023\/\" target=\"_self\">Apply today<\/a> and become part of a game-changing revolution in the world of HR!<\/p>\n\n\n\n<p><em>This year we are also joined by partners Algebra and Employer Partner as well as sponsors: LQ, Agilcon and Gecko, Selekcija.hr, Simulus, DeeP Project, Data \u2013 Link Unija Smart Accounting, InfoDom, Above Academy<\/em><\/p>","protected":false},"excerpt":{"rendered":"<p>Koncem ljeta, to\u010dnije 20. i 21. rujna, Rovinj postaje epicentar najve\u0107e i najdugovje\u010dnije konferencije posve\u0107ene ljudskim potencijalima u na\u0161im krajevima &#8211;&nbsp;11. HR Days konferencije!&nbsp; Pripremite se za dva nezaboravna dana ispunjena inspiracijom, znanjem i zabavom, na doga\u0111aju koji \u0107e na&#8230;<\/p>","protected":false},"author":120,"featured_media":7666,"comment_status":"closed","ping_status":"closed","sticky":false,"template":"","format":"standard","meta":{"_monsterinsights_skip_tracking":false,"_monsterinsights_sitenote_active":false,"_monsterinsights_sitenote_note":"","_monsterinsights_sitenote_category":0,"footnotes":""},"categories":[20],"tags":[],"class_list":["post-7663","post","type-post","status-publish","format-standard","has-post-thumbnail","hentry","category-vijesti"],"yoast_head":"<!-- This site is optimized with the Yoast SEO plugin v25.3 - https:\/\/yoast.com\/wordpress\/plugins\/seo\/ -->\n<title>Jeste li spremni za HR doga\u0111aj godine? Odbrojavanje je po\u010delo! - HR Days<\/title>\n<meta name=\"robots\" content=\"index, follow, max-snippet:-1, max-image-preview:large, max-video-preview:-1\" \/>\n<link rel=\"canonical\" href=\"https:\/\/hrdays.net\/en\/2023\/08\/23\/jeste-li-spremni-za-hr-dogadaj-godineodbrojavanje-je-pocelo\/\" \/>\n<meta property=\"og:locale\" content=\"en_GB\" \/>\n<meta property=\"og:type\" content=\"article\" \/>\n<meta property=\"og:title\" content=\"Jeste li spremni za HR doga\u0111aj godine? Odbrojavanje je po\u010delo! - HR Days\" \/>\n<meta property=\"og:description\" content=\"Koncem ljeta, to\u010dnije 20. i 21. rujna, Rovinj postaje epicentar najve\u0107e i najdugovje\u010dnije konferencije posve\u0107ene ljudskim potencijalima u na\u0161im krajevima &#8211;&nbsp;11. HR Days konferencije!&nbsp; Pripremite se za dva nezaboravna dana ispunjena inspiracijom, znanjem i zabavom, na doga\u0111aju koji \u0107e na...\" \/>\n<meta property=\"og:url\" content=\"https:\/\/hrdays.net\/en\/2023\/08\/23\/jeste-li-spremni-za-hr-dogadaj-godineodbrojavanje-je-pocelo\/\" \/>\n<meta property=\"og:site_name\" content=\"HR Days\" \/>\n<meta property=\"article:published_time\" content=\"2023-08-23T09:22:06+00:00\" \/>\n<meta property=\"article:modified_time\" content=\"2023-08-23T11:48:45+00:00\" \/>\n<meta property=\"og:image\" content=\"https:\/\/hrdays.net\/wp-content\/uploads\/2023\/08\/12194f426-resize-820x0x100.jpg\" \/>\n\t<meta property=\"og:image:width\" content=\"820\" \/>\n\t<meta property=\"og:image:height\" content=\"546\" \/>\n\t<meta property=\"og:image:type\" content=\"image\/jpeg\" \/>\n<meta name=\"author\" content=\"Ana Sarta\" \/>\n<meta name=\"twitter:card\" content=\"summary_large_image\" \/>\n<meta name=\"twitter:label1\" content=\"Written by\" \/>\n\t<meta name=\"twitter:data1\" content=\"Ana Sarta\" \/>\n\t<meta name=\"twitter:label2\" content=\"Estimated reading time\" \/>\n\t<meta name=\"twitter:data2\" content=\"4 minutes\" \/>\n<script type=\"application\/ld+json\" class=\"yoast-schema-graph\">{\"@context\":\"https:\/\/schema.org\",\"@graph\":[{\"@type\":\"WebPage\",\"@id\":\"https:\/\/hrdays.net\/2023\/08\/23\/jeste-li-spremni-za-hr-dogadaj-godineodbrojavanje-je-pocelo\/\",\"url\":\"https:\/\/hrdays.net\/2023\/08\/23\/jeste-li-spremni-za-hr-dogadaj-godineodbrojavanje-je-pocelo\/\",\"name\":\"Jeste li spremni za HR doga\u0111aj godine? Odbrojavanje je po\u010delo! - HR Days\",\"isPartOf\":{\"@id\":\"https:\/\/hrdays.net\/#website\"},\"primaryImageOfPage\":{\"@id\":\"https:\/\/hrdays.net\/2023\/08\/23\/jeste-li-spremni-za-hr-dogadaj-godineodbrojavanje-je-pocelo\/#primaryimage\"},\"image\":{\"@id\":\"https:\/\/hrdays.net\/2023\/08\/23\/jeste-li-spremni-za-hr-dogadaj-godineodbrojavanje-je-pocelo\/#primaryimage\"},\"thumbnailUrl\":\"https:\/\/hrdays.net\/wp-content\/uploads\/2023\/08\/12194f426-resize-820x0x100.jpg\",\"datePublished\":\"2023-08-23T09:22:06+00:00\",\"dateModified\":\"2023-08-23T11:48:45+00:00\",\"author\":{\"@id\":\"https:\/\/hrdays.net\/#\/schema\/person\/df05cc7b223433517a340254e8de0890\"},\"breadcrumb\":{\"@id\":\"https:\/\/hrdays.net\/2023\/08\/23\/jeste-li-spremni-za-hr-dogadaj-godineodbrojavanje-je-pocelo\/#breadcrumb\"},\"inLanguage\":\"en-GB\",\"potentialAction\":[{\"@type\":\"ReadAction\",\"target\":[\"https:\/\/hrdays.net\/2023\/08\/23\/jeste-li-spremni-za-hr-dogadaj-godineodbrojavanje-je-pocelo\/\"]}]},{\"@type\":\"ImageObject\",\"inLanguage\":\"en-GB\",\"@id\":\"https:\/\/hrdays.net\/2023\/08\/23\/jeste-li-spremni-za-hr-dogadaj-godineodbrojavanje-je-pocelo\/#primaryimage\",\"url\":\"https:\/\/hrdays.net\/wp-content\/uploads\/2023\/08\/12194f426-resize-820x0x100.jpg\",\"contentUrl\":\"https:\/\/hrdays.net\/wp-content\/uploads\/2023\/08\/12194f426-resize-820x0x100.jpg\",\"width\":820,\"height\":546},{\"@type\":\"BreadcrumbList\",\"@id\":\"https:\/\/hrdays.net\/2023\/08\/23\/jeste-li-spremni-za-hr-dogadaj-godineodbrojavanje-je-pocelo\/#breadcrumb\",\"itemListElement\":[{\"@type\":\"ListItem\",\"position\":1,\"name\":\"Home\",\"item\":\"https:\/\/hrdays.net\/\"},{\"@type\":\"ListItem\",\"position\":2,\"name\":\"Jeste li spremni za HR doga\u0111aj godine? Odbrojavanje je po\u010delo!\"}]},{\"@type\":\"WebSite\",\"@id\":\"https:\/\/hrdays.net\/#website\",\"url\":\"https:\/\/hrdays.net\/\",\"name\":\"HR Days\",\"description\":\"HRDays - konferencija o upravljanju ljudskim resursima\",\"potentialAction\":[{\"@type\":\"SearchAction\",\"target\":{\"@type\":\"EntryPoint\",\"urlTemplate\":\"https:\/\/hrdays.net\/?s={search_term_string}\"},\"query-input\":{\"@type\":\"PropertyValueSpecification\",\"valueRequired\":true,\"valueName\":\"search_term_string\"}}],\"inLanguage\":\"en-GB\"},{\"@type\":\"Person\",\"@id\":\"https:\/\/hrdays.net\/#\/schema\/person\/df05cc7b223433517a340254e8de0890\",\"name\":\"Ana Sarta\",\"image\":{\"@type\":\"ImageObject\",\"inLanguage\":\"en-GB\",\"@id\":\"https:\/\/hrdays.net\/#\/schema\/person\/image\/\",\"url\":\"https:\/\/secure.gravatar.com\/avatar\/b9e6b785a51e2685f9e1a4d14645ffaf4c127eeab5d9357c091ec79c8dcb5708?s=96&d=mm&r=g\",\"contentUrl\":\"https:\/\/secure.gravatar.com\/avatar\/b9e6b785a51e2685f9e1a4d14645ffaf4c127eeab5d9357c091ec79c8dcb5708?s=96&d=mm&r=g\",\"caption\":\"Ana Sarta\"},\"url\":\"https:\/\/hrdays.net\/en\/author\/ana-sartamoj-posao-net\/\"}]}<\/script>\n<!-- \/ Yoast SEO plugin. -->","yoast_head_json":{"title":"Jeste li spremni za HR doga\u0111aj godine? Odbrojavanje je po\u010delo! - HR Days","robots":{"index":"index","follow":"follow","max-snippet":"max-snippet:-1","max-image-preview":"max-image-preview:large","max-video-preview":"max-video-preview:-1"},"canonical":"https:\/\/hrdays.net\/en\/2023\/08\/23\/jeste-li-spremni-za-hr-dogadaj-godineodbrojavanje-je-pocelo\/","og_locale":"en_GB","og_type":"article","og_title":"Jeste li spremni za HR doga\u0111aj godine? Odbrojavanje je po\u010delo! - HR Days","og_description":"Koncem ljeta, to\u010dnije 20. i 21. rujna, Rovinj postaje epicentar najve\u0107e i najdugovje\u010dnije konferencije posve\u0107ene ljudskim potencijalima u na\u0161im krajevima &#8211;&nbsp;11. HR Days konferencije!&nbsp; Pripremite se za dva nezaboravna dana ispunjena inspiracijom, znanjem i zabavom, na doga\u0111aju koji \u0107e na...","og_url":"https:\/\/hrdays.net\/en\/2023\/08\/23\/jeste-li-spremni-za-hr-dogadaj-godineodbrojavanje-je-pocelo\/","og_site_name":"HR Days","article_published_time":"2023-08-23T09:22:06+00:00","article_modified_time":"2023-08-23T11:48:45+00:00","og_image":[{"width":820,"height":546,"url":"https:\/\/hrdays.net\/wp-content\/uploads\/2023\/08\/12194f426-resize-820x0x100.jpg","type":"image\/jpeg"}],"author":"Ana Sarta","twitter_card":"summary_large_image","twitter_misc":{"Written by":"Ana Sarta","Estimated reading time":"4 minutes"},"schema":{"@context":"https:\/\/schema.org","@graph":[{"@type":"WebPage","@id":"https:\/\/hrdays.net\/2023\/08\/23\/jeste-li-spremni-za-hr-dogadaj-godineodbrojavanje-je-pocelo\/","url":"https:\/\/hrdays.net\/2023\/08\/23\/jeste-li-spremni-za-hr-dogadaj-godineodbrojavanje-je-pocelo\/","name":"Jeste li spremni za HR doga\u0111aj godine? Odbrojavanje je po\u010delo! - HR Days","isPartOf":{"@id":"https:\/\/hrdays.net\/#website"},"primaryImageOfPage":{"@id":"https:\/\/hrdays.net\/2023\/08\/23\/jeste-li-spremni-za-hr-dogadaj-godineodbrojavanje-je-pocelo\/#primaryimage"},"image":{"@id":"https:\/\/hrdays.net\/2023\/08\/23\/jeste-li-spremni-za-hr-dogadaj-godineodbrojavanje-je-pocelo\/#primaryimage"},"thumbnailUrl":"https:\/\/hrdays.net\/wp-content\/uploads\/2023\/08\/12194f426-resize-820x0x100.jpg","datePublished":"2023-08-23T09:22:06+00:00","dateModified":"2023-08-23T11:48:45+00:00","author":{"@id":"https:\/\/hrdays.net\/#\/schema\/person\/df05cc7b223433517a340254e8de0890"},"breadcrumb":{"@id":"https:\/\/hrdays.net\/2023\/08\/23\/jeste-li-spremni-za-hr-dogadaj-godineodbrojavanje-je-pocelo\/#breadcrumb"},"inLanguage":"en-GB","potentialAction":[{"@type":"ReadAction","target":["https:\/\/hrdays.net\/2023\/08\/23\/jeste-li-spremni-za-hr-dogadaj-godineodbrojavanje-je-pocelo\/"]}]},{"@type":"ImageObject","inLanguage":"en-GB","@id":"https:\/\/hrdays.net\/2023\/08\/23\/jeste-li-spremni-za-hr-dogadaj-godineodbrojavanje-je-pocelo\/#primaryimage","url":"https:\/\/hrdays.net\/wp-content\/uploads\/2023\/08\/12194f426-resize-820x0x100.jpg","contentUrl":"https:\/\/hrdays.net\/wp-content\/uploads\/2023\/08\/12194f426-resize-820x0x100.jpg","width":820,"height":546},{"@type":"BreadcrumbList","@id":"https:\/\/hrdays.net\/2023\/08\/23\/jeste-li-spremni-za-hr-dogadaj-godineodbrojavanje-je-pocelo\/#breadcrumb","itemListElement":[{"@type":"ListItem","position":1,"name":"Home","item":"https:\/\/hrdays.net\/"},{"@type":"ListItem","position":2,"name":"Jeste li spremni za HR doga\u0111aj godine? Odbrojavanje je po\u010delo!"}]},{"@type":"WebSite","@id":"https:\/\/hrdays.net\/#website","url":"https:\/\/hrdays.net\/","name":"HR Days","description":"HRDays - konferencija o upravljanju ljudskim resursima","potentialAction":[{"@type":"SearchAction","target":{"@type":"EntryPoint","urlTemplate":"https:\/\/hrdays.net\/?s={search_term_string}"},"query-input":{"@type":"PropertyValueSpecification","valueRequired":true,"valueName":"search_term_string"}}],"inLanguage":"en-GB"},{"@type":"Person","@id":"https:\/\/hrdays.net\/#\/schema\/person\/df05cc7b223433517a340254e8de0890","name":"Ana Sarta","image":{"@type":"ImageObject","inLanguage":"en-GB","@id":"https:\/\/hrdays.net\/#\/schema\/person\/image\/","url":"https:\/\/secure.gravatar.com\/avatar\/b9e6b785a51e2685f9e1a4d14645ffaf4c127eeab5d9357c091ec79c8dcb5708?s=96&d=mm&r=g","contentUrl":"https:\/\/secure.gravatar.com\/avatar\/b9e6b785a51e2685f9e1a4d14645ffaf4c127eeab5d9357c091ec79c8dcb5708?s=96&d=mm&r=g","caption":"Ana Sarta"},"url":"https:\/\/hrdays.net\/en\/author\/ana-sartamoj-posao-net\/"}]}},"_links":{"self":[{"href":"https:\/\/hrdays.net\/en\/wp-json\/wp\/v2\/posts\/7663","targetHints":{"allow":["GET"]}}],"collection":[{"href":"https:\/\/hrdays.net\/en\/wp-json\/wp\/v2\/posts"}],"about":[{"href":"https:\/\/hrdays.net\/en\/wp-json\/wp\/v2\/types\/post"}],"author":[{"embeddable":true,"href":"https:\/\/hrdays.net\/en\/wp-json\/wp\/v2\/users\/120"}],"replies":[{"embeddable":true,"href":"https:\/\/hrdays.net\/en\/wp-json\/wp\/v2\/comments?post=7663"}],"version-history":[{"count":5,"href":"https:\/\/hrdays.net\/en\/wp-json\/wp\/v2\/posts\/7663\/revisions"}],"predecessor-version":[{"id":7677,"href":"https:\/\/hrdays.net\/en\/wp-json\/wp\/v2\/posts\/7663\/revisions\/7677"}],"wp:featuredmedia":[{"embeddable":true,"href":"https:\/\/hrdays.net\/en\/wp-json\/wp\/v2\/media\/7666"}],"wp:attachment":[{"href":"https:\/\/hrdays.net\/en\/wp-json\/wp\/v2\/media?parent=7663"}],"wp:term":[{"taxonomy":"category","embeddable":true,"href":"https:\/\/hrdays.net\/en\/wp-json\/wp\/v2\/categories?post=7663"},{"taxonomy":"post_tag","embeddable":true,"href":"https:\/\/hrdays.net\/en\/wp-json\/wp\/v2\/tags?post=7663"}],"curies":[{"name":"wp","href":"https:\/\/api.w.org\/{rel}","templated":true}]}}