{"id":6669,"date":"2022-09-27T11:03:38","date_gmt":"2022-09-27T09:03:38","guid":{"rendered":"https:\/\/hrdays.net\/?p=6669"},"modified":"2023-03-02T13:57:54","modified_gmt":"2023-03-02T12:57:54","slug":"10-hr-days-konferencija-bez-povezanosti-empatije-i-ljudskosti-necemo-moci-premostiti-sve-izazove-koje-pred-nas-stavlja-trziste-rada","status":"publish","type":"post","link":"https:\/\/hrdays.net\/en\/2022\/09\/27\/10-hr-days-konferencija-bez-povezanosti-empatije-i-ljudskosti-necemo-moci-premostiti-sve-izazove-koje-pred-nas-stavlja-trziste-rada\/","title":{"rendered":"10th HR Days conference: Without connection, empathy and humanity, we will not be able to overcome all the challenges that the labor market puts before us"},"content":{"rendered":"<p>In Rovinj was held <strong>jubilee<\/strong> The 10th consecutive HR Days conference, a two-day professional gathering that gathered more than 600 HR professionals from the region and the world in one place, organized by the MojPosao portal.<\/p>\n\n\n\n<p>After the event-filled first day of the conference, during which we realized that without mutual connection, humanity, empathy and communication, we will not be able to overcome all the current and future challenges that the labor market presents to us, followed the second, final day of the conference, the focus of which was panel on the topic <strong>\"Great Resignation: Are you staying or leaving?\"<\/strong>.<\/p>\n\n\n\n<p>In the company of <strong>Zvonimir Gali\u0107<\/strong>, professor from the Faculty of philosopy, University of Zagreb <strong>Emira Duratbegovi\u0107<\/strong>, Head of Human Resources in AS Holding <strong>Dejan Paravan,<\/strong> Chief Innovation Officer from the GEN-I and <strong>Marija Bogi\u0107evi\u0107<\/strong>, HR Manager from sTECH company and <strong>Iva<\/strong> Penezi\u0107, HR Director Issuer &amp; eSecurity Services from Nets CEE, we discussed today's burning problem. Through the panel discussion, we tried to find out what are the reasons for the appearance of this trend and what affects it, how we can alleviate it and what changes we must introduce so that this trend does not remain with us in the future.<\/p>\n\n\n\n<p>\"We can say that <strong>market created<\/strong> great resgination. What I want to say is that today people can quit their jobs and find a new job more easily than ever before,\" said Gali\u0107<\/p>\n\n\n\n<p>As he explained, pandemic has created <strong>shock<\/strong>, that is, it enabled us to devote ourselves more to our own lives and to reconsider our desires and needs. Regardless of the fact that resigning is one of the most stressful actions a person can do, people have become aware that if they are unhappy with their current status, they can change it, but one condition must be met before that, added Duratbegovi\u0107.<\/p>\n\n\n\n<p>\"If your basic life needs are met and secured, then you can start upgrading, but if the minimum is not met, then you cannot progress\", explained Duratbegovi\u0107.<\/p>\n\n\n\n<p>The growing demand for labor has led to the employment of people without \"adequate\" knowledge.<\/p>\n\n\n\n<p>\"In a large number of economic sectors, employers do not have time to wait for the education system to produce quality personnel. It is precisely for this reason that a new one appears on the market <strong>the trend of hiring people without adequate competencies<\/strong>. That kind of practice is visible in the IT sector\", emphasized Bogi\u0107evi\u0107.<\/p>\n\n\n\n<p><strong>A new ways of working<\/strong><\/p>\n\n\n\n<p>Working from home has put the issue of worker loyalty under the spotlight. Our panelists agreed that loyalty is difficult to develop in people who work remotely all the time. According to them, the best way of working is the hybrid one, in which the workers are in the office for three days and from home for two, because otherwise, as Gali\u0107 notes, the employer creates a transactional relationship with the worker - as much as you to me, as much as I to you.<\/p>\n\n\n\n<p>\"In order to develop trust and loyalty, people must also have that social moment. We are social beings and we need that. That is the biggest pain of working from home. It is for this reason that hybrid work is the future,\" added Paravan.<\/p>\n\n\n\n<p>A new moment in the labor market was brought with them <strong>new generations<\/strong> which shook up the sleepy labor market quite a bit.<\/p>\n\n\n\n<p>\"If you don't show people full career development at the very beginning, they will often leave. Today, this phenomenon has become one of the pressing problems that we will have to work on in the future,\" said Penezi\u0107.<\/p>\n\n\n\n<p>In this spirit, we came to the question of the so-called <strong>'boomerang employees'<\/strong> which are also increasingly common on the labor market. Our panelists agreed that such employees are not problematic and that sometimes they can be a solution because they know the company, and in their absence they have acquired new knowledge and skills.<\/p>\n\n\n\n<p>\"Relationship with boomerang employees is like a relationship that you are trying to rebuild. If there was a momentary misunderstanding, then it's ok, but if there's a difference in characters, then there's no going back,\" concluded Gali\u0107.<\/p>\n\n\n\n<p><strong>What does future brings?<\/strong><\/p>\n\n\n\n<p>In addition to the interesting panel discussion, we filled the last day of the conference with numerous interesting workshops and lectures by distinguished foreign and domestic lecturers. We can freely say that the second day also somewhat reminded us that without humanity and emotions we will not be able to move forward, and empathy was the main topic of the lecture of the famous and multiple award-winning Success Coach &amp; Trainer <strong>dr. Evi Prokopi.<\/strong> Through her topic \"Responsible Leadership as a Key Factor for the Future of Work in 2025\", Prokopi tried to bring us closer to the basic virtues that every leader should possess.<\/p>\n\n\n\n<p>\"As a leader, you must be an example to others. You need to create an environment where people will be happy to come. Always believe in your team, no matter what and never give up out of fear. Never, never forget to talk about problems, but also to celebrate every, even the smallest success and most importantly, take care of your own <strong>mental health<\/strong>, said Prokopi.<\/p>\n\n\n\n<p>We closed the conference in the style of \"Nostradamus\", and his role at this jubilee edition took over <strong>Mihaela Smadilo<\/strong>, an experienced leader and director of human resources who tried to bring us closer to potential, future trends and the role of HR in an increasingly turbulent and challenging labor market. And so that the conference would not be closed without a little laughter and a catchphrase that we will all remember for a long time, made sure <strong>Johan Driessens<\/strong>, Enthusiasm Officer and founder of tHRibe World, a unique ecosystem of HR companies that are different, who, through his lecture on \"The Immersive Employer Brand\", tried to bring us closer to the subject in which he really is expert - employer branding.<\/p>\n\n\n\n<p>\"The next time someone asks you how you are, you tell them you're amazing. In this way, you will shock your interlocutor, but also create a basis for the development of communication, because why not be 'unbelievable'\", concluded Driessens.<\/p>\n\n\n\n<p>We hope you enjoyed and see you again next year!<\/p>","protected":false},"excerpt":{"rendered":"<p>U Rovinju je odr\u017eana jubilarna 10. po redu HR Days konferencija, dvodnevno stru\u010dno okupljanje koje je na jednom mjestu okupilo vi\u0161e od 600 HR profesionalaca iz regije i svijeta, u organizaciji portala MojPosao. Nakon doga\u0111ajima ispunjenog prvog dana konferencije tijekom&#8230;<\/p>","protected":false},"author":66,"featured_media":6670,"comment_status":"closed","ping_status":"closed","sticky":false,"template":"","format":"standard","meta":{"_monsterinsights_skip_tracking":false,"_monsterinsights_sitenote_active":false,"_monsterinsights_sitenote_note":"","_monsterinsights_sitenote_category":0,"footnotes":""},"categories":[20],"tags":[],"class_list":["post-6669","post","type-post","status-publish","format-standard","has-post-thumbnail","hentry","category-vijesti"],"yoast_head":"<!-- This site is optimized with the Yoast SEO plugin v25.3 - https:\/\/yoast.com\/wordpress\/plugins\/seo\/ -->\n<title>10. HR Days konferencija: Bez povezanosti, empatije i ljudskosti ne\u0107emo mo\u0107i premostiti sve izazove koje pred nas stavlja tr\u017ei\u0161te rada - HR Days<\/title>\n<meta name=\"robots\" content=\"index, follow, max-snippet:-1, max-image-preview:large, max-video-preview:-1\" \/>\n<link rel=\"canonical\" href=\"https:\/\/hrdays.net\/en\/2022\/09\/27\/10-hr-days-konferencija-bez-povezanosti-empatije-i-ljudskosti-necemo-moci-premostiti-sve-izazove-koje-pred-nas-stavlja-trziste-rada\/\" \/>\n<meta property=\"og:locale\" content=\"en_GB\" \/>\n<meta property=\"og:type\" content=\"article\" \/>\n<meta property=\"og:title\" content=\"10. HR Days konferencija: Bez povezanosti, empatije i ljudskosti ne\u0107emo mo\u0107i premostiti sve izazove koje pred nas stavlja tr\u017ei\u0161te rada - HR Days\" \/>\n<meta property=\"og:description\" content=\"U Rovinju je odr\u017eana jubilarna 10. po redu HR Days konferencija, dvodnevno stru\u010dno okupljanje koje je na jednom mjestu okupilo vi\u0161e od 600 HR profesionalaca iz regije i svijeta, u organizaciji portala MojPosao. Nakon doga\u0111ajima ispunjenog prvog dana konferencije tijekom...\" \/>\n<meta property=\"og:url\" content=\"https:\/\/hrdays.net\/en\/2022\/09\/27\/10-hr-days-konferencija-bez-povezanosti-empatije-i-ljudskosti-necemo-moci-premostiti-sve-izazove-koje-pred-nas-stavlja-trziste-rada\/\" \/>\n<meta property=\"og:site_name\" content=\"HR Days\" \/>\n<meta property=\"article:published_time\" content=\"2022-09-27T09:03:38+00:00\" \/>\n<meta property=\"article:modified_time\" content=\"2023-03-02T12:57:54+00:00\" \/>\n<meta property=\"og:image\" content=\"https:\/\/hrdays.net\/wp-content\/uploads\/2022\/09\/3be3d4a2e-resize-820x0x100.jpg\" \/>\n\t<meta property=\"og:image:width\" content=\"820\" \/>\n\t<meta property=\"og:image:height\" content=\"546\" \/>\n\t<meta property=\"og:image:type\" content=\"image\/jpeg\" \/>\n<meta name=\"author\" content=\"katarina.zupkovic@moj-posao.net\" \/>\n<meta name=\"twitter:card\" content=\"summary_large_image\" \/>\n<meta name=\"twitter:label1\" content=\"Written by\" \/>\n\t<meta name=\"twitter:data1\" content=\"katarina.zupkovic@moj-posao.net\" \/>\n\t<meta name=\"twitter:label2\" content=\"Estimated reading time\" \/>\n\t<meta name=\"twitter:data2\" content=\"5 minutes\" \/>\n<script type=\"application\/ld+json\" class=\"yoast-schema-graph\">{\"@context\":\"https:\/\/schema.org\",\"@graph\":[{\"@type\":\"WebPage\",\"@id\":\"https:\/\/hrdays.net\/2022\/09\/27\/10-hr-days-konferencija-bez-povezanosti-empatije-i-ljudskosti-necemo-moci-premostiti-sve-izazove-koje-pred-nas-stavlja-trziste-rada\/\",\"url\":\"https:\/\/hrdays.net\/2022\/09\/27\/10-hr-days-konferencija-bez-povezanosti-empatije-i-ljudskosti-necemo-moci-premostiti-sve-izazove-koje-pred-nas-stavlja-trziste-rada\/\",\"name\":\"10. HR Days konferencija: Bez povezanosti, empatije i ljudskosti ne\u0107emo mo\u0107i premostiti sve izazove koje pred nas stavlja tr\u017ei\u0161te rada - HR Days\",\"isPartOf\":{\"@id\":\"https:\/\/hrdays.net\/#website\"},\"primaryImageOfPage\":{\"@id\":\"https:\/\/hrdays.net\/2022\/09\/27\/10-hr-days-konferencija-bez-povezanosti-empatije-i-ljudskosti-necemo-moci-premostiti-sve-izazove-koje-pred-nas-stavlja-trziste-rada\/#primaryimage\"},\"image\":{\"@id\":\"https:\/\/hrdays.net\/2022\/09\/27\/10-hr-days-konferencija-bez-povezanosti-empatije-i-ljudskosti-necemo-moci-premostiti-sve-izazove-koje-pred-nas-stavlja-trziste-rada\/#primaryimage\"},\"thumbnailUrl\":\"https:\/\/hrdays.net\/wp-content\/uploads\/2022\/09\/3be3d4a2e-resize-820x0x100.jpg\",\"datePublished\":\"2022-09-27T09:03:38+00:00\",\"dateModified\":\"2023-03-02T12:57:54+00:00\",\"author\":{\"@id\":\"https:\/\/hrdays.net\/#\/schema\/person\/a11eab2650ce05f1f8776c15d8bc05c3\"},\"breadcrumb\":{\"@id\":\"https:\/\/hrdays.net\/2022\/09\/27\/10-hr-days-konferencija-bez-povezanosti-empatije-i-ljudskosti-necemo-moci-premostiti-sve-izazove-koje-pred-nas-stavlja-trziste-rada\/#breadcrumb\"},\"inLanguage\":\"en-GB\",\"potentialAction\":[{\"@type\":\"ReadAction\",\"target\":[\"https:\/\/hrdays.net\/2022\/09\/27\/10-hr-days-konferencija-bez-povezanosti-empatije-i-ljudskosti-necemo-moci-premostiti-sve-izazove-koje-pred-nas-stavlja-trziste-rada\/\"]}]},{\"@type\":\"ImageObject\",\"inLanguage\":\"en-GB\",\"@id\":\"https:\/\/hrdays.net\/2022\/09\/27\/10-hr-days-konferencija-bez-povezanosti-empatije-i-ljudskosti-necemo-moci-premostiti-sve-izazove-koje-pred-nas-stavlja-trziste-rada\/#primaryimage\",\"url\":\"https:\/\/hrdays.net\/wp-content\/uploads\/2022\/09\/3be3d4a2e-resize-820x0x100.jpg\",\"contentUrl\":\"https:\/\/hrdays.net\/wp-content\/uploads\/2022\/09\/3be3d4a2e-resize-820x0x100.jpg\",\"width\":820,\"height\":546},{\"@type\":\"BreadcrumbList\",\"@id\":\"https:\/\/hrdays.net\/2022\/09\/27\/10-hr-days-konferencija-bez-povezanosti-empatije-i-ljudskosti-necemo-moci-premostiti-sve-izazove-koje-pred-nas-stavlja-trziste-rada\/#breadcrumb\",\"itemListElement\":[{\"@type\":\"ListItem\",\"position\":1,\"name\":\"Home\",\"item\":\"https:\/\/hrdays.net\/\"},{\"@type\":\"ListItem\",\"position\":2,\"name\":\"10. HR Days konferencija: Bez povezanosti, empatije i ljudskosti ne\u0107emo mo\u0107i premostiti sve izazove koje pred nas stavlja tr\u017ei\u0161te rada\"}]},{\"@type\":\"WebSite\",\"@id\":\"https:\/\/hrdays.net\/#website\",\"url\":\"https:\/\/hrdays.net\/\",\"name\":\"HR Days\",\"description\":\"HRDays - konferencija o upravljanju ljudskim resursima\",\"potentialAction\":[{\"@type\":\"SearchAction\",\"target\":{\"@type\":\"EntryPoint\",\"urlTemplate\":\"https:\/\/hrdays.net\/?s={search_term_string}\"},\"query-input\":{\"@type\":\"PropertyValueSpecification\",\"valueRequired\":true,\"valueName\":\"search_term_string\"}}],\"inLanguage\":\"en-GB\"},{\"@type\":\"Person\",\"@id\":\"https:\/\/hrdays.net\/#\/schema\/person\/a11eab2650ce05f1f8776c15d8bc05c3\",\"name\":\"katarina.zupkovic@moj-posao.net\",\"image\":{\"@type\":\"ImageObject\",\"inLanguage\":\"en-GB\",\"@id\":\"https:\/\/hrdays.net\/#\/schema\/person\/image\/\",\"url\":\"https:\/\/secure.gravatar.com\/avatar\/1d6624a8cda0d2e2f3032b842c3bdcfe4a6e54720dd3b230fa18ceb1b859fbbf?s=96&d=mm&r=g\",\"contentUrl\":\"https:\/\/secure.gravatar.com\/avatar\/1d6624a8cda0d2e2f3032b842c3bdcfe4a6e54720dd3b230fa18ceb1b859fbbf?s=96&d=mm&r=g\",\"caption\":\"katarina.zupkovic@moj-posao.net\"},\"url\":\"https:\/\/hrdays.net\/en\/author\/katarina-zupkovicmoj-posao-net\/\"}]}<\/script>\n<!-- \/ Yoast SEO plugin. -->","yoast_head_json":{"title":"10. HR Days konferencija: Bez povezanosti, empatije i ljudskosti ne\u0107emo mo\u0107i premostiti sve izazove koje pred nas stavlja tr\u017ei\u0161te rada - HR Days","robots":{"index":"index","follow":"follow","max-snippet":"max-snippet:-1","max-image-preview":"max-image-preview:large","max-video-preview":"max-video-preview:-1"},"canonical":"https:\/\/hrdays.net\/en\/2022\/09\/27\/10-hr-days-konferencija-bez-povezanosti-empatije-i-ljudskosti-necemo-moci-premostiti-sve-izazove-koje-pred-nas-stavlja-trziste-rada\/","og_locale":"en_GB","og_type":"article","og_title":"10. HR Days konferencija: Bez povezanosti, empatije i ljudskosti ne\u0107emo mo\u0107i premostiti sve izazove koje pred nas stavlja tr\u017ei\u0161te rada - HR Days","og_description":"U Rovinju je odr\u017eana jubilarna 10. po redu HR Days konferencija, dvodnevno stru\u010dno okupljanje koje je na jednom mjestu okupilo vi\u0161e od 600 HR profesionalaca iz regije i svijeta, u organizaciji portala MojPosao. Nakon doga\u0111ajima ispunjenog prvog dana konferencije tijekom...","og_url":"https:\/\/hrdays.net\/en\/2022\/09\/27\/10-hr-days-konferencija-bez-povezanosti-empatije-i-ljudskosti-necemo-moci-premostiti-sve-izazove-koje-pred-nas-stavlja-trziste-rada\/","og_site_name":"HR Days","article_published_time":"2022-09-27T09:03:38+00:00","article_modified_time":"2023-03-02T12:57:54+00:00","og_image":[{"width":820,"height":546,"url":"https:\/\/hrdays.net\/wp-content\/uploads\/2022\/09\/3be3d4a2e-resize-820x0x100.jpg","type":"image\/jpeg"}],"author":"katarina.zupkovic@moj-posao.net","twitter_card":"summary_large_image","twitter_misc":{"Written by":"katarina.zupkovic@moj-posao.net","Estimated reading time":"5 minutes"},"schema":{"@context":"https:\/\/schema.org","@graph":[{"@type":"WebPage","@id":"https:\/\/hrdays.net\/2022\/09\/27\/10-hr-days-konferencija-bez-povezanosti-empatije-i-ljudskosti-necemo-moci-premostiti-sve-izazove-koje-pred-nas-stavlja-trziste-rada\/","url":"https:\/\/hrdays.net\/2022\/09\/27\/10-hr-days-konferencija-bez-povezanosti-empatije-i-ljudskosti-necemo-moci-premostiti-sve-izazove-koje-pred-nas-stavlja-trziste-rada\/","name":"10. HR Days konferencija: Bez povezanosti, empatije i ljudskosti ne\u0107emo mo\u0107i premostiti sve izazove koje pred nas stavlja tr\u017ei\u0161te rada - HR Days","isPartOf":{"@id":"https:\/\/hrdays.net\/#website"},"primaryImageOfPage":{"@id":"https:\/\/hrdays.net\/2022\/09\/27\/10-hr-days-konferencija-bez-povezanosti-empatije-i-ljudskosti-necemo-moci-premostiti-sve-izazove-koje-pred-nas-stavlja-trziste-rada\/#primaryimage"},"image":{"@id":"https:\/\/hrdays.net\/2022\/09\/27\/10-hr-days-konferencija-bez-povezanosti-empatije-i-ljudskosti-necemo-moci-premostiti-sve-izazove-koje-pred-nas-stavlja-trziste-rada\/#primaryimage"},"thumbnailUrl":"https:\/\/hrdays.net\/wp-content\/uploads\/2022\/09\/3be3d4a2e-resize-820x0x100.jpg","datePublished":"2022-09-27T09:03:38+00:00","dateModified":"2023-03-02T12:57:54+00:00","author":{"@id":"https:\/\/hrdays.net\/#\/schema\/person\/a11eab2650ce05f1f8776c15d8bc05c3"},"breadcrumb":{"@id":"https:\/\/hrdays.net\/2022\/09\/27\/10-hr-days-konferencija-bez-povezanosti-empatije-i-ljudskosti-necemo-moci-premostiti-sve-izazove-koje-pred-nas-stavlja-trziste-rada\/#breadcrumb"},"inLanguage":"en-GB","potentialAction":[{"@type":"ReadAction","target":["https:\/\/hrdays.net\/2022\/09\/27\/10-hr-days-konferencija-bez-povezanosti-empatije-i-ljudskosti-necemo-moci-premostiti-sve-izazove-koje-pred-nas-stavlja-trziste-rada\/"]}]},{"@type":"ImageObject","inLanguage":"en-GB","@id":"https:\/\/hrdays.net\/2022\/09\/27\/10-hr-days-konferencija-bez-povezanosti-empatije-i-ljudskosti-necemo-moci-premostiti-sve-izazove-koje-pred-nas-stavlja-trziste-rada\/#primaryimage","url":"https:\/\/hrdays.net\/wp-content\/uploads\/2022\/09\/3be3d4a2e-resize-820x0x100.jpg","contentUrl":"https:\/\/hrdays.net\/wp-content\/uploads\/2022\/09\/3be3d4a2e-resize-820x0x100.jpg","width":820,"height":546},{"@type":"BreadcrumbList","@id":"https:\/\/hrdays.net\/2022\/09\/27\/10-hr-days-konferencija-bez-povezanosti-empatije-i-ljudskosti-necemo-moci-premostiti-sve-izazove-koje-pred-nas-stavlja-trziste-rada\/#breadcrumb","itemListElement":[{"@type":"ListItem","position":1,"name":"Home","item":"https:\/\/hrdays.net\/"},{"@type":"ListItem","position":2,"name":"10. HR Days konferencija: Bez povezanosti, empatije i ljudskosti ne\u0107emo mo\u0107i premostiti sve izazove koje pred nas stavlja tr\u017ei\u0161te rada"}]},{"@type":"WebSite","@id":"https:\/\/hrdays.net\/#website","url":"https:\/\/hrdays.net\/","name":"HR Days","description":"HRDays - konferencija o upravljanju ljudskim resursima","potentialAction":[{"@type":"SearchAction","target":{"@type":"EntryPoint","urlTemplate":"https:\/\/hrdays.net\/?s={search_term_string}"},"query-input":{"@type":"PropertyValueSpecification","valueRequired":true,"valueName":"search_term_string"}}],"inLanguage":"en-GB"},{"@type":"Person","@id":"https:\/\/hrdays.net\/#\/schema\/person\/a11eab2650ce05f1f8776c15d8bc05c3","name":"katarina.zupkovic@moj-posao.net","image":{"@type":"ImageObject","inLanguage":"en-GB","@id":"https:\/\/hrdays.net\/#\/schema\/person\/image\/","url":"https:\/\/secure.gravatar.com\/avatar\/1d6624a8cda0d2e2f3032b842c3bdcfe4a6e54720dd3b230fa18ceb1b859fbbf?s=96&d=mm&r=g","contentUrl":"https:\/\/secure.gravatar.com\/avatar\/1d6624a8cda0d2e2f3032b842c3bdcfe4a6e54720dd3b230fa18ceb1b859fbbf?s=96&d=mm&r=g","caption":"katarina.zupkovic@moj-posao.net"},"url":"https:\/\/hrdays.net\/en\/author\/katarina-zupkovicmoj-posao-net\/"}]}},"_links":{"self":[{"href":"https:\/\/hrdays.net\/en\/wp-json\/wp\/v2\/posts\/6669","targetHints":{"allow":["GET"]}}],"collection":[{"href":"https:\/\/hrdays.net\/en\/wp-json\/wp\/v2\/posts"}],"about":[{"href":"https:\/\/hrdays.net\/en\/wp-json\/wp\/v2\/types\/post"}],"author":[{"embeddable":true,"href":"https:\/\/hrdays.net\/en\/wp-json\/wp\/v2\/users\/66"}],"replies":[{"embeddable":true,"href":"https:\/\/hrdays.net\/en\/wp-json\/wp\/v2\/comments?post=6669"}],"version-history":[{"count":1,"href":"https:\/\/hrdays.net\/en\/wp-json\/wp\/v2\/posts\/6669\/revisions"}],"predecessor-version":[{"id":6671,"href":"https:\/\/hrdays.net\/en\/wp-json\/wp\/v2\/posts\/6669\/revisions\/6671"}],"wp:featuredmedia":[{"embeddable":true,"href":"https:\/\/hrdays.net\/en\/wp-json\/wp\/v2\/media\/6670"}],"wp:attachment":[{"href":"https:\/\/hrdays.net\/en\/wp-json\/wp\/v2\/media?parent=6669"}],"wp:term":[{"taxonomy":"category","embeddable":true,"href":"https:\/\/hrdays.net\/en\/wp-json\/wp\/v2\/categories?post=6669"},{"taxonomy":"post_tag","embeddable":true,"href":"https:\/\/hrdays.net\/en\/wp-json\/wp\/v2\/tags?post=6669"}],"curies":[{"name":"wp","href":"https:\/\/api.w.org\/{rel}","templated":true}]}}