{"id":5431,"date":"2021-06-01T16:29:00","date_gmt":"2021-06-01T14:29:00","guid":{"rendered":"https:\/\/hrdays.net\/?p=5431"},"modified":"2022-01-31T16:38:51","modified_gmt":"2022-01-31T15:38:51","slug":"hr-work-day","status":"publish","type":"post","link":"https:\/\/hrdays.net\/en\/2021\/06\/01\/hr-work-day\/","title":{"rendered":"HR Work Day"},"content":{"rendered":"<div class=\"wp-block-image\"><figure class=\"aligncenter size-full\"><img loading=\"lazy\" decoding=\"async\" width=\"350\" height=\"193\" src=\"https:\/\/hrdays.net\/wp-content\/uploads\/2021\/03\/hr-wprkday-logotype.png\" alt=\"\" class=\"wp-image-3331\" srcset=\"https:\/\/hrdays.net\/wp-content\/uploads\/2021\/03\/hr-wprkday-logotype.png 350w, https:\/\/hrdays.net\/wp-content\/uploads\/2021\/03\/hr-wprkday-logotype-300x165.png 300w, https:\/\/hrdays.net\/wp-content\/uploads\/2021\/03\/hr-wprkday-logotype-16x9.png 16w\" sizes=\"auto, (max-width: 350px) 100vw, 350px\" \/><\/figure><\/div>\n\n\n\n<p>HR Work DAY su radionice koje smo po\u010deli odr\u017eavali po\u010detkom godine u terminima jedanput mjese\u010dno. Kako pro\u0161le godine zbog epidemiolo\u0161ke situacije nismo mogli odr\u017eati HR Days konferenciju u\u017eivo, nedostajalo nam je u\u010denje i dru\u017eenje s vama te smo ovim radionicama \u017eeljeli pokrenuti interakciju u manjim grupama. Debra Corey, Company values<\/p>\n\n\n\n<p>Krenuli smo u velja\u010di s <strong>Debrom Corey<\/strong>, na\u0161om predava\u010dicom s pro\u0161logodi\u0161nje HR Days konferencije. Debra Corey vrlo je iskusna i nagra\u0111ivana stru\u010dnjakinja iz podru\u010dja upravljanja ljudskim potencijalima, autorica 3 knjige, a nedavno se prona\u0161la u top 101 globalnih influencera u podru\u010dju anga\u017eiranosti zaposlenika. Njezin pristup radu pomalo je buntovni\u010dki, a sve u svrhu pomicanja granica, izazivanja \u2018statusa quo\u2019 \u0161to na kraju zaista i utje\u010de na ve\u0107u anga\u017eiranost zaposlenika.<\/p>\n\n\n\n<p>Debra je s nama podijelila mnoga znanja i iskustva, a saznali smo i \u010detiri razloga za\u0161to su <strong>vrijednosti za tvrtku <\/strong>va\u017ene; poma\u017eu nam posti\u0107i misiju, vodilja su za odluke i radnje, poma\u017eu nam u fleksibilnosti i daju nam izvjesnost i komfor u izazovnim vremenima.<br>Dobre vrijednosti tvrtki trebaju biti sluga na\u0161e misije, specifi\u010dna za na\u0161u tvrtku i kao takva se moraju mo\u0107i \u017eivjeti i voditi nas k na\u0161em cilju. Vrlo je va\u017eno da su vrijednosti kratke, lake za razumjeti, relevantne, jedinstvene, pamtljive i djelotvorne. Debra nam savjetuje da otkrijemo vrijednosti na sljede\u0107i na\u010din: napi\u0161emo ih na zid, okupimo se oko stola kako bi ih zajedno pro\u0161li i nositi te vrijednosti doma kao svoje vlastite.<\/p>\n\n\n\n<p><em>\u201cThe journey to discover our true values involves looking at what we already <strong>say<\/strong>, what we already <strong>do<\/strong>, what we already <strong>believe<\/strong>, and what we want and need to protect\u201d, citat je iz Debrine knjige Bringing Youz Values Out to Play.<\/em><\/p>\n\n\n\n<p>Sad kad znamo kako sve vrijednosti postaviti, postavlja se pitanje kako osigurati da se one u tvrtki zaista i provode? Pobrinite se za to da va\u0161i zaposlenici znaju \u0161to su i koje su vrijednosti i \u0161to te vrijednosti zna\u010de (i to za firmu, za njegov tim i za njih osobno). Uvijek vodite ra\u010duna da vrijednosti ugradite u sve \u0161to \u010dinite. Hrvojka Kutle, Kako da nam vlastite super-mo\u0107i budu saveznici<\/p>\n\n\n\n<p>U o\u017eujku i danima uo\u010di prolje\u0107a <strong>Hrvojka Kutle<\/strong> nam je pripremila radionicu usmjerenu na samorazvoj iliti self-leadership u kojoj smo imali priliku napraviti kratku \u2018inventuru\u2019 vlastitog \u017eivota, promisliti o svojim vrijednostima i postaviti ciljeve.<br>Hrvojka Kutle, predsjednica je Udruge U4HR, profesorica psihologije, HR professional, Co-Active coach, mentor\/trener leadership vje\u0161tina i trener coaching vje\u0161tina.<\/p>\n\n\n\n<p>Nau\u010dila nas je da promjene po\u010divaju na ljudima, iako im ljudi ba\u0161 i nisu skloni. \u010cak su i \u017eeljene promjene te\u0161ke i zahtjevne, a ne\u017eeljene svakako utje\u010du na na\u0161 do\u017eivljaj stresa. One tra\u017ee ulaganje energije, promjenu navika, u\u010denje novog i otpu\u0161tanje starog. Ali mi smo oni koji imaju mogu\u0107nost izbora. Da li da ostane sve kako je, bez promjena ili da idem naprijed, da probam\u2026?<\/p>\n\n\n\n<p><em>Kako je i sam Charles Darwin rekao: \u201eNe pre\u017eivljavaju ni najja\u010di, ni najpametniji, ve\u0107 oni koji se najbolje prilago\u0111avaju promjenama.\u201c<\/em><\/p>\n\n\n\n<p><strong>Izaberite promjenu! Prihvatite ju, prepoznajte, preoblikujte, razumijte i kreirajte sami svoje uvjete!<\/strong><\/p>\n\n\n\n<p><strong>Pro\u0161lost<\/strong> je potrebno razumjeti, zatvoriti, pomiriti se i otpustiti. Hrvojka nam je dala super recept kako se rije\u0161iti lo\u0161ih i nepo\u017eeljnih uspomena: Prvo im dajte materijalni oblik i te\u017einu te ih ve\u017eite na papir \u2013 i to na papir stvoren ba\u0161 za tu vrstu uspomena WC papir. Kad ste ih materijalizirali bacite ih tamo gdje i pripadaju: u toalet! I kako se i prili\u010di\u2026 povucite vodu, operite ruke\u2026Nasmije\u0161ite se i krenite dalje!<\/p>\n\n\n\n<p><strong>Sada\u0161njost<\/strong> je ona s kojom moramo upravljati jer se tu doga\u0111a razvoj novih navika i usvajanje. A \u0161ta su navike? One su ponavljaju\u0107i, nesvjesni uzorak pona\u0161anja ste\u010den u\u010destalim ponavljanjima iliti autopilot na kojem mi \u017eivimo najmanje oko 47% budnog vremena (do 90%). Va\u017ene su jer omogu\u0107uju u\u0161tedu energije te olak\u0161avaju dono\u0161enje odluka. Za biranje navike izaberite Mindfulness. To je svjesnost sada\u0161njeg trenutka, ovdje i sada, va\u0161a usmjerenost na disanje te misli, osje\u0107aje i tjelesne senzacije. Razmislite o navikama, koje su to, kako rade za vas, da li ih \u017eelite promijeniti i da li ih mo\u017eete lako promijeniti?<\/p>\n\n\n\n<p>Na\u0111ite balans ili ravnote\u017eu. Budite sami sebi na prvom mjestu!<\/p>\n\n\n\n<p>Prakti\u010dne stvari za svaki dan koje nam je Hrvojka ostavila kao podsjetnik:<\/p>\n\n\n\n<ul class=\"wp-block-list\"><li>Konzumirajte vijesti maksimalno 2x dnevno<\/li><li>Imajte strukturu dana<\/li><li>Fokusirajte pa\u017enju \u2013 birajte teme razgovora<\/li><li>Njegujte odnose s drugim ljudima<\/li><li>Budite optimisti\u010dni i smijte se!<\/li><li>Iskop\u010dajte se!<\/li><li>Igrajte za pobjedu, s namjerom!<\/li><li>Budite u prirodi<\/li><\/ul>\n\n\n\n<p>Katarina Pavli\u0161a, Stres kao prijatelj<\/p>\n\n\n\n<p>Travanj nam je pripremio HR work DAY radionicu u kojoj smo s Katarinom Pavli\u0161om pro\u0161li kako gledamo na stres.<br><strong>Katarina Pavli\u0161a<\/strong> je profesionalni Mindfulness i NLP Master Trener, Mental i Business Coach te stru\u010dnjakinja za upravljanje ljudskim potencijalima \u010dime se bavi preko dvadeset godina.<\/p>\n\n\n\n<p>Za po\u010detak smo se zapitali kako gledamo na stres? Je li on za nas \u0161tetan i trebamo ga izbjegavati,<\/p>\n\n\n\n<p>smanjivati i upravljati njime? Iscrpljuje li na\u0161e zdravlje, u\u010dinak i produktivnost, ko\u010di li razvoj na\u0161eg u\u010denja i razvoja? Ili nam je zapravo koristan i trebamo ga prihvatiti, iskoristiti i prigrliti? Mo\u017eda on svemu navedenom \u010dini zapravo dobro?<\/p>\n\n\n\n<p>Na\u010din razmi\u0161ljanja o stresu utje\u010de na na\u0161a pona\u0161anja, a time i na rezultate!<\/p>\n\n\n\n<p>\u0160to se doga\u0111a kao reakcija na stres? Srce vam br\u017ee kuca, tijelo se znoji, ubrzava se disanje. Mentalno ste usredoto\u010deni na izvor stresa. Osje\u0107ate se uzbu\u0111eno, energi\u010dno, tjeskobno, nemirno, ljuto, spremno za akciju. Kako reakcija poma\u017ee? Potrebno je suo\u010diti se sa izazovom koji usredoto\u010duje pa\u017enju, poja\u010dava osjetila, pove\u0107ava motivaciju i mobilizira energiju.<\/p>\n\n\n\n<p>Donosimo vam neke od prakti\u010dnih metoda kako da nam stres postane prijatelj koje nas je Katarina nau\u010dila:<\/p>\n\n\n\n<ol class=\"wp-block-list\"><li>Kreirajte korisni stres mindset, promjenom percepcije stresne reakcije kako smo gore naveli u primjeru<\/li><li>Maknite vanjske distrakcije i vje\u017ebajte MINDFULNESS svjesnost svih \u010dula tzv. 5-4-3-2-1 praksu (obratite pozornost na svjesno disanje, nabrojite 5 stvari koje mo\u017eete vidjeti, 4 stvari koje mo\u017eete osjetiti, 3 stvari koje mo\u017eete \u010duti, 2 stvari koje mo\u017eete namirisati i 1 stvar koju mo\u017eete okusiti)<\/li><li>Prakticirajte duboki udah i glasan izdah<\/li><li>Vratite va\u0161 sustav u ravnote\u017eu na na\u010din da prakticirate trbu\u0161no disanje ili Box disanje (4 sekunde udah, 4 sekunde zadr\u017eite dah, 4 sekunde izdah i ponovno 4 sekunde zadr\u017eite dah. To ponovite par puta)<\/li><li>Energizirajte se tako da napravite kvalitetnu pauzu<\/li><\/ol>\n\n\n\n<p>\u017dana Goi\u0107 Petri\u010devi\u0107, Kako voditi promjenu u slo\u017eenim i neizvjesnim vremenima<\/p>\n\n\n\n<p>Na\u0161u posljednju radionicu u ovom ciklusu, prije nego nastavimo na HR Days konferenciji u rujnu, vodila je <strong>\u017dana Goji\u0107 Petri\u010devi\u0107<\/strong>, leadership executive coach, team coach i trener.<\/p>\n\n\n\n<p>Vremena su odavno slo\u017eena i neizvjesna. U posljednjih godinu dana samo su postala dodatno slo\u017eena i dodatno neizvjesna. I dok eventualno imamo vlastitu dilemu ili vodimo s drugima debate oko povratka na \u201estaro normalno\u201c ili prihva\u0107anja \u201enovog normalnog\u201c, promi\u010de nam trenutak shva\u0107anja da nam je sada na raspolaganju \u201enovo mogu\u0107e\u201c. Da bismo iskoristili puni potencijal \u201enovog mogu\u0107eg\u201c, potrebno je vidjeti potencijal promjene u sebi, u odnosima s drugima i u svijetu koji nas okru\u017euje. \u201eNovo mogu\u0107e\u201c tra\u017ei game changere koji su spremni preuzeti odgovornost za svoju realnost, riskirati za njezinu promjenu i preispitati zna\u010denje vlastite hrabrosti, svjesnosti, stavova i integriteta. Na ovoj smo radionici potaknuti promi\u0161ljanja polaznika u tom smjeru i definirali konkretne korake prema ostvarenju potencijala njihovog \u201enovog mogu\u0107eg\u201c.<\/p>\n\n\n\n<p>Zvijezda vodilja koju nam je \u017dana postavila, a o kojoj \u0107ete uskoro mo\u0107i vi\u0161e \u010ditati u njenoj knjizi koja izlazi u lipnju, je <strong>S.O.U.L. <\/strong>(<em>du\u0161a<\/em>).<\/p>\n\n\n\n<p><strong>S<\/strong> kao Self. Zapitajte se koju pri\u010du govorite sebi o sebi? Imajte na umu da vi birate koju ulogu preuzimate; \u017ertve, pobjednika ili kreatora.<\/p>\n\n\n\n<p><strong>O<\/strong> kao Other. Uvijek smo u odnosu s nekim ili sa sobom. Ovdje se treba pitati \u0161to ja to to\u010dno slu\u0161am kada drugi pri\u010daju i \u0161ta \u010dujem? \u017dana nas je nau\u010dila da promijenimo mindset i po\u010dnemo paziti kako govorimo na primjeru kad nekome odgovaramo s \u201eDA, ali\u2026\u201c ili \u201eDA, i\u2026\u201c. Razmislite koliko taj ALI druga\u010dije zvu\u010di i koliko ima otpora u sebi.<\/p>\n\n\n\n<p><strong>U<\/strong> kao Universe. Sve oko nas je universe. To mo\u017ee biti svemir, prostor koji nas okru\u017euje ili na\u0161 brak, firma u kojoj radimo, grad\u2026 Pitanje je gdje stavljamo svoj fokus. \u017dana nam je pokazala brzu i primjenjivu vje\u017ebu. Ako na list papira ozna\u010dite to\u010dkicama sve stvari koje morate rije\u0161iti u skorije vrijeme, sve svoje obveze i taskove, znate \u0161to \u0107ete zapravo vidjeti? Puno praznog i bijelog papira okolo. Toliko zapravo imamo prostora, puno vi\u0161e nego \u0161to mislimo i svakako vi\u0161e od problema ili taskova.<\/p>\n\n\n\n<p><em>\u201cRemembering that I\u2019ll be dead soon is the most important tool I\u2019ve ever encountered to help me make <\/em><em>the big choices in life. Remembering that you are going to die is the best way I know to avoid the trap of <\/em><em>thinking you have something to lose. You are already naked.\u201d<br>Steve Jobs<\/em><\/p>\n\n\n\n<p>I posljednje nam je ostalo slovo L kao Legacy. Kako mo\u017eemo privu\u0107i ljude da se anga\u017eiraju? Probajte si zamisliti par re\u010denica koje ostavljate drugima u naslje\u0111e.<\/p>\n\n\n\n<p><em>Jednom kad shvatimo da se #leadership odnosi na stvaranje onoga \u0161to nam je najva\u017enije za na\u0161 svijet, tako\u0111er po\u010dinjemo shva\u0107ati da sve \u0161to je stvarno va\u017eno, sve \u0161to je ve\u0107e od nas, stvara se zajedno.<\/em><br><em>Svaka stvar koja mo\u017ee biti ve\u0107a od nas stvorena je zajedno s drugim ljudima u radikalnoj ljudskoj vezi, koncept koji zahtijeva da putujemo u svoja srca kako bismo dublje iskusili njezino zna\u010denje.<\/em><br><em>Indijanski u\u010ditelj Phil Lane to opisuje ovim rije\u010dima: \u201cNajdu\u017ei put koji \u0107ete ikada prije\u0107i sveto je putovanje od va\u0161e glave do va\u0161eg srca.\u201d zaklju\u010dila je radionicu \u017dana Goi\u0107 Petri\u010devi\u0107.<\/em><\/p>","protected":false},"excerpt":{"rendered":"<p>HR Work DAY su radionice koje smo po\u010deli odr\u017eavali po\u010detkom godine u terminima jedanput mjese\u010dno. Kako pro\u0161le godine zbog epidemiolo\u0161ke situacije nismo mogli odr\u017eati HR Days konferenciju u\u017eivo, nedostajalo nam je u\u010denje i dru\u017eenje s vama te smo ovim radionicama&#8230;<\/p>","protected":false},"author":2,"featured_media":3330,"comment_status":"closed","ping_status":"closed","sticky":false,"template":"","format":"standard","meta":{"_monsterinsights_skip_tracking":false,"_monsterinsights_sitenote_active":false,"_monsterinsights_sitenote_note":"","_monsterinsights_sitenote_category":0,"footnotes":""},"categories":[20],"tags":[],"class_list":["post-5431","post","type-post","status-publish","format-standard","has-post-thumbnail","hentry","category-vijesti"],"yoast_head":"<!-- This site is optimized with the Yoast SEO plugin v25.3 - https:\/\/yoast.com\/wordpress\/plugins\/seo\/ -->\n<title>HR Work Day - HR Days<\/title>\n<meta name=\"robots\" content=\"index, follow, max-snippet:-1, max-image-preview:large, max-video-preview:-1\" \/>\n<link rel=\"canonical\" href=\"https:\/\/hrdays.net\/en\/2021\/06\/01\/hr-work-day\/\" \/>\n<meta property=\"og:locale\" content=\"en_GB\" \/>\n<meta property=\"og:type\" content=\"article\" \/>\n<meta property=\"og:title\" content=\"HR Work Day - HR Days\" \/>\n<meta property=\"og:description\" content=\"HR Work DAY su radionice koje smo po\u010deli odr\u017eavali po\u010detkom godine u terminima jedanput mjese\u010dno. Kako pro\u0161le godine zbog epidemiolo\u0161ke situacije nismo mogli odr\u017eati HR Days konferenciju u\u017eivo, nedostajalo nam je u\u010denje i dru\u017eenje s vama te smo ovim radionicama...\" \/>\n<meta property=\"og:url\" content=\"https:\/\/hrdays.net\/en\/2021\/06\/01\/hr-work-day\/\" \/>\n<meta property=\"og:site_name\" content=\"HR Days\" \/>\n<meta property=\"article:published_time\" content=\"2021-06-01T14:29:00+00:00\" \/>\n<meta property=\"article:modified_time\" content=\"2022-01-31T15:38:51+00:00\" \/>\n<meta property=\"og:image\" content=\"https:\/\/hrdays.net\/wp-content\/uploads\/2021\/03\/hrworkday-cover-scaled.jpg\" \/>\n\t<meta property=\"og:image:width\" content=\"2560\" \/>\n\t<meta property=\"og:image:height\" content=\"799\" \/>\n\t<meta property=\"og:image:type\" content=\"image\/jpeg\" \/>\n<meta name=\"author\" content=\"Zdenko Hrgovic\" \/>\n<meta name=\"twitter:card\" content=\"summary_large_image\" \/>\n<meta name=\"twitter:label1\" content=\"Written by\" \/>\n\t<meta name=\"twitter:data1\" content=\"Zdenko Hrgovic\" \/>\n\t<meta name=\"twitter:label2\" content=\"Estimated reading time\" \/>\n\t<meta name=\"twitter:data2\" content=\"9 minutes\" \/>\n<script type=\"application\/ld+json\" class=\"yoast-schema-graph\">{\"@context\":\"https:\/\/schema.org\",\"@graph\":[{\"@type\":\"WebPage\",\"@id\":\"https:\/\/hrdays.net\/2021\/06\/01\/hr-work-day\/\",\"url\":\"https:\/\/hrdays.net\/2021\/06\/01\/hr-work-day\/\",\"name\":\"HR Work Day - HR Days\",\"isPartOf\":{\"@id\":\"https:\/\/hrdays.net\/#website\"},\"primaryImageOfPage\":{\"@id\":\"https:\/\/hrdays.net\/2021\/06\/01\/hr-work-day\/#primaryimage\"},\"image\":{\"@id\":\"https:\/\/hrdays.net\/2021\/06\/01\/hr-work-day\/#primaryimage\"},\"thumbnailUrl\":\"https:\/\/hrdays.net\/wp-content\/uploads\/2021\/03\/hrworkday-cover-scaled.jpg\",\"datePublished\":\"2021-06-01T14:29:00+00:00\",\"dateModified\":\"2022-01-31T15:38:51+00:00\",\"author\":{\"@id\":\"https:\/\/hrdays.net\/#\/schema\/person\/3a2395f99aeed1f7e66db364045d45b7\"},\"breadcrumb\":{\"@id\":\"https:\/\/hrdays.net\/2021\/06\/01\/hr-work-day\/#breadcrumb\"},\"inLanguage\":\"en-GB\",\"potentialAction\":[{\"@type\":\"ReadAction\",\"target\":[\"https:\/\/hrdays.net\/2021\/06\/01\/hr-work-day\/\"]}]},{\"@type\":\"ImageObject\",\"inLanguage\":\"en-GB\",\"@id\":\"https:\/\/hrdays.net\/2021\/06\/01\/hr-work-day\/#primaryimage\",\"url\":\"https:\/\/hrdays.net\/wp-content\/uploads\/2021\/03\/hrworkday-cover-scaled.jpg\",\"contentUrl\":\"https:\/\/hrdays.net\/wp-content\/uploads\/2021\/03\/hrworkday-cover-scaled.jpg\",\"width\":2560,\"height\":799},{\"@type\":\"BreadcrumbList\",\"@id\":\"https:\/\/hrdays.net\/2021\/06\/01\/hr-work-day\/#breadcrumb\",\"itemListElement\":[{\"@type\":\"ListItem\",\"position\":1,\"name\":\"Home\",\"item\":\"https:\/\/hrdays.net\/\"},{\"@type\":\"ListItem\",\"position\":2,\"name\":\"HR Work Day\"}]},{\"@type\":\"WebSite\",\"@id\":\"https:\/\/hrdays.net\/#website\",\"url\":\"https:\/\/hrdays.net\/\",\"name\":\"HR Days\",\"description\":\"HRDays - konferencija o upravljanju ljudskim resursima\",\"potentialAction\":[{\"@type\":\"SearchAction\",\"target\":{\"@type\":\"EntryPoint\",\"urlTemplate\":\"https:\/\/hrdays.net\/?s={search_term_string}\"},\"query-input\":{\"@type\":\"PropertyValueSpecification\",\"valueRequired\":true,\"valueName\":\"search_term_string\"}}],\"inLanguage\":\"en-GB\"},{\"@type\":\"Person\",\"@id\":\"https:\/\/hrdays.net\/#\/schema\/person\/3a2395f99aeed1f7e66db364045d45b7\",\"name\":\"Zdenko Hrgovic\",\"image\":{\"@type\":\"ImageObject\",\"inLanguage\":\"en-GB\",\"@id\":\"https:\/\/hrdays.net\/#\/schema\/person\/image\/\",\"url\":\"https:\/\/secure.gravatar.com\/avatar\/779cefe6dfe22fae81d9e83b5937151364c74598f92dc495d56d2332b613307e?s=96&d=mm&r=g\",\"contentUrl\":\"https:\/\/secure.gravatar.com\/avatar\/779cefe6dfe22fae81d9e83b5937151364c74598f92dc495d56d2332b613307e?s=96&d=mm&r=g\",\"caption\":\"Zdenko Hrgovic\"},\"url\":\"https:\/\/hrdays.net\/en\/author\/zdenko\/\"}]}<\/script>\n<!-- \/ Yoast SEO plugin. -->","yoast_head_json":{"title":"HR Work Day - HR Days","robots":{"index":"index","follow":"follow","max-snippet":"max-snippet:-1","max-image-preview":"max-image-preview:large","max-video-preview":"max-video-preview:-1"},"canonical":"https:\/\/hrdays.net\/en\/2021\/06\/01\/hr-work-day\/","og_locale":"en_GB","og_type":"article","og_title":"HR Work Day - HR Days","og_description":"HR Work DAY su radionice koje smo po\u010deli odr\u017eavali po\u010detkom godine u terminima jedanput mjese\u010dno. Kako pro\u0161le godine zbog epidemiolo\u0161ke situacije nismo mogli odr\u017eati HR Days konferenciju u\u017eivo, nedostajalo nam je u\u010denje i dru\u017eenje s vama te smo ovim radionicama...","og_url":"https:\/\/hrdays.net\/en\/2021\/06\/01\/hr-work-day\/","og_site_name":"HR Days","article_published_time":"2021-06-01T14:29:00+00:00","article_modified_time":"2022-01-31T15:38:51+00:00","og_image":[{"width":2560,"height":799,"url":"https:\/\/hrdays.net\/wp-content\/uploads\/2021\/03\/hrworkday-cover-scaled.jpg","type":"image\/jpeg"}],"author":"Zdenko Hrgovic","twitter_card":"summary_large_image","twitter_misc":{"Written by":"Zdenko Hrgovic","Estimated reading time":"9 minutes"},"schema":{"@context":"https:\/\/schema.org","@graph":[{"@type":"WebPage","@id":"https:\/\/hrdays.net\/2021\/06\/01\/hr-work-day\/","url":"https:\/\/hrdays.net\/2021\/06\/01\/hr-work-day\/","name":"HR Work Day - HR Days","isPartOf":{"@id":"https:\/\/hrdays.net\/#website"},"primaryImageOfPage":{"@id":"https:\/\/hrdays.net\/2021\/06\/01\/hr-work-day\/#primaryimage"},"image":{"@id":"https:\/\/hrdays.net\/2021\/06\/01\/hr-work-day\/#primaryimage"},"thumbnailUrl":"https:\/\/hrdays.net\/wp-content\/uploads\/2021\/03\/hrworkday-cover-scaled.jpg","datePublished":"2021-06-01T14:29:00+00:00","dateModified":"2022-01-31T15:38:51+00:00","author":{"@id":"https:\/\/hrdays.net\/#\/schema\/person\/3a2395f99aeed1f7e66db364045d45b7"},"breadcrumb":{"@id":"https:\/\/hrdays.net\/2021\/06\/01\/hr-work-day\/#breadcrumb"},"inLanguage":"en-GB","potentialAction":[{"@type":"ReadAction","target":["https:\/\/hrdays.net\/2021\/06\/01\/hr-work-day\/"]}]},{"@type":"ImageObject","inLanguage":"en-GB","@id":"https:\/\/hrdays.net\/2021\/06\/01\/hr-work-day\/#primaryimage","url":"https:\/\/hrdays.net\/wp-content\/uploads\/2021\/03\/hrworkday-cover-scaled.jpg","contentUrl":"https:\/\/hrdays.net\/wp-content\/uploads\/2021\/03\/hrworkday-cover-scaled.jpg","width":2560,"height":799},{"@type":"BreadcrumbList","@id":"https:\/\/hrdays.net\/2021\/06\/01\/hr-work-day\/#breadcrumb","itemListElement":[{"@type":"ListItem","position":1,"name":"Home","item":"https:\/\/hrdays.net\/"},{"@type":"ListItem","position":2,"name":"HR Work Day"}]},{"@type":"WebSite","@id":"https:\/\/hrdays.net\/#website","url":"https:\/\/hrdays.net\/","name":"HR Days","description":"HRDays - konferencija o upravljanju ljudskim resursima","potentialAction":[{"@type":"SearchAction","target":{"@type":"EntryPoint","urlTemplate":"https:\/\/hrdays.net\/?s={search_term_string}"},"query-input":{"@type":"PropertyValueSpecification","valueRequired":true,"valueName":"search_term_string"}}],"inLanguage":"en-GB"},{"@type":"Person","@id":"https:\/\/hrdays.net\/#\/schema\/person\/3a2395f99aeed1f7e66db364045d45b7","name":"Zdenko Hrgovic","image":{"@type":"ImageObject","inLanguage":"en-GB","@id":"https:\/\/hrdays.net\/#\/schema\/person\/image\/","url":"https:\/\/secure.gravatar.com\/avatar\/779cefe6dfe22fae81d9e83b5937151364c74598f92dc495d56d2332b613307e?s=96&d=mm&r=g","contentUrl":"https:\/\/secure.gravatar.com\/avatar\/779cefe6dfe22fae81d9e83b5937151364c74598f92dc495d56d2332b613307e?s=96&d=mm&r=g","caption":"Zdenko Hrgovic"},"url":"https:\/\/hrdays.net\/en\/author\/zdenko\/"}]}},"_links":{"self":[{"href":"https:\/\/hrdays.net\/en\/wp-json\/wp\/v2\/posts\/5431","targetHints":{"allow":["GET"]}}],"collection":[{"href":"https:\/\/hrdays.net\/en\/wp-json\/wp\/v2\/posts"}],"about":[{"href":"https:\/\/hrdays.net\/en\/wp-json\/wp\/v2\/types\/post"}],"author":[{"embeddable":true,"href":"https:\/\/hrdays.net\/en\/wp-json\/wp\/v2\/users\/2"}],"replies":[{"embeddable":true,"href":"https:\/\/hrdays.net\/en\/wp-json\/wp\/v2\/comments?post=5431"}],"version-history":[{"count":2,"href":"https:\/\/hrdays.net\/en\/wp-json\/wp\/v2\/posts\/5431\/revisions"}],"predecessor-version":[{"id":5434,"href":"https:\/\/hrdays.net\/en\/wp-json\/wp\/v2\/posts\/5431\/revisions\/5434"}],"wp:featuredmedia":[{"embeddable":true,"href":"https:\/\/hrdays.net\/en\/wp-json\/wp\/v2\/media\/3330"}],"wp:attachment":[{"href":"https:\/\/hrdays.net\/en\/wp-json\/wp\/v2\/media?parent=5431"}],"wp:term":[{"taxonomy":"category","embeddable":true,"href":"https:\/\/hrdays.net\/en\/wp-json\/wp\/v2\/categories?post=5431"},{"taxonomy":"post_tag","embeddable":true,"href":"https:\/\/hrdays.net\/en\/wp-json\/wp\/v2\/tags?post=5431"}],"curies":[{"name":"wp","href":"https:\/\/api.w.org\/{rel}","templated":true}]}}