{"id":4289,"date":"2021-08-17T11:49:00","date_gmt":"2021-08-17T09:49:00","guid":{"rendered":"https:\/\/hrdays.net\/?p=4289"},"modified":"2021-08-19T12:07:24","modified_gmt":"2021-08-19T10:07:24","slug":"hr-days-2021-o-liderima-buducnosti-i-stvaranju-iz-kaosa","status":"publish","type":"post","link":"https:\/\/hrdays.net\/en\/2021\/08\/17\/hr-days-2021-o-liderima-buducnosti-i-stvaranju-iz-kaosa\/","title":{"rendered":"HR Days 2021.: O liderima budu\u0107nosti i stvaranju (iz) kaosa!"},"content":{"rendered":"<p><strong>Deveto izdanje HR Days konferencije ponovno \u0107e na jednom mjestu okupiti vode\u0107e regionalne stru\u010dnjake iz podru\u010dja ljudskih resursa.<\/strong><\/p>\n\n\n\n<p>Istinski i autenti\u010dni lideri koji uspijevaju&nbsp;okupiti a potom i inspirirati ljude oko sebe prava su rijetkost, gotovo endemske vrste, u dana\u0161njem nesigurnom poslovnom svijetu.&nbsp;<\/p>\n\n\n\n<p>U okolnostima koje najo\u0161trije ka\u017enjavaju svaku krivu procjenu i gre\u0161ku u koracima, stvaraju\u0107i strah od mogu\u0107eg neuspjeha i poti\u010du\u0107i&nbsp;&#8216;igranje&nbsp;na sigurno&#8217; kojim ni\u0161ta ne mo\u017eemo izgubiti, ali niti dobiti, lideri su svjesno prihvatili ulogu lu\u010dono\u0161a uspjeha i pokreta\u010da prijeko potrebnih promjena.<\/p>\n\n\n\n<p>Vo\u0111eni razmi\u0161ljanjem prema kojem je &#8216;poslovo\u0111a onaj tko ka\u017ee idi, a vo\u0111a onaj tko ka\u017ee idemo&#8217;, vlastitim primjerom trasiraju put kojim organizacija treba i\u0107i, istovremeno bude\u0107i zanos me\u0111u zaposlenicima i grade\u0107i motiviraju\u0107u radnu okolinu u kojoj je jedina gre\u0161ka \u2013 ne poku\u0161ati.<\/p>\n\n\n\n<p>Nikad aktualnija tema leadershipa na\u0107i \u0107e se u fokusu 9. po redu&nbsp;<a href=\"https:\/\/hrdays.net\/en\/\" target=\"_blank\" rel=\"noreferrer noopener\"><strong>HR Days conference<\/strong><\/a>&nbsp;u organizaciji portala&nbsp;<a href=\"https:\/\/www.moj-posao.net\/\" target=\"_blank\" rel=\"noreferrer noopener\"><strong>MojPosao<\/strong><\/a>, which will be held&nbsp;<strong>22. i 23. rujna u Rovinju<\/strong>, nude\u0107i pritom sadr\u017eajan i raznolik program!<\/p>\n\n\n\n<p><strong>\u0160to \u010dini lidera i kako se sna\u0107i u novom svijetu (HR) rada?<\/strong><br>Profesor psihologije, autor&nbsp;i motivacijski govornik&nbsp;<strong>Adrian Furnham<\/strong>&nbsp;svojim predavanjem \u201eKako prepoznati potencijalne lidere\u201c pribli\u017eit \u0107e nam metode&nbsp;identificiranja&nbsp;sposobnosti, motivacije&nbsp;i osobina&nbsp;zaposlenika koje su povezane s radnim uspjehom i izvrsno\u0161\u0107u vo\u0111enja.<\/p>\n\n\n\n<p><strong>Skip Bowman<\/strong>, jedan od vode\u0107ih europskih govornika o na\u010dinu razmi\u0161ljanja, upoznat \u0107e nas s&nbsp;<em>Growth mindsetom<\/em>&nbsp;i utjecajem koji navedeni koncept ima na inovacije, korisni\u010dku uslugu, kvalitetu i poslovne suradnje tvrtki i organizacija.<\/p>\n\n\n\n<p>O &#8216;vje\u010dnom&#8217; izazovu motivacije zaposlenika govorit \u0107e motivacijski govornik, stru\u010dnjak za radnu snagu i zadr\u017eavanje zaposlenika te glazbenik (ujedno i dobitnik nagrade Emmy!)&nbsp;<strong>Clint Pulver<\/strong>, koji je svojim radom transformirao na\u010din na koji korporacije stvaraju trajnu lojalnost zaposlenika.<\/p>\n\n\n\n<p>Vi\u0161estruko nagra\u0111ivana doktorica bihevioralne medicine&nbsp;<strong>Dr. Lisa B\u00e9langer<\/strong>&nbsp;pokazat \u0107e nam kako se saznanja iz bihevioralnih istra\u017eivanja mogu primijeniti na radnom mjestu u svrhu optimiziranja performansi, produktivnosti i&nbsp;inovativnosti lidera, kao i cijelih timova.&nbsp;<\/p>\n\n\n\n<p>O novom svijetu (HR) rada, izgradnji kulture tvrtke bez nametanja i ulozi lidera u procesu kreiranja korporativne kulture vi\u0161e \u0107emo doznati od&nbsp;<strong>Virginie Colurcio<\/strong>, potpredsjednice za ljude i kulturu EMEA u Prologisu i nekada\u0161nje direktorice ljudskih resursa u Netflixu.<\/p>\n\n\n\n<p>Uz predavanje&nbsp;<em>\u201eStvaranje (iz) kaosa: liderska kompetencija 21. stolje\u0107a\u201c<\/em>&nbsp;konzultantice za razvoj liderstva&nbsp;<strong>\u017dane Goi\u0107 Petri\u010devi\u0107&nbsp;<\/strong>doznat \u0107emo kako je dana\u0161nji kontekst lidera \u2013 kaos, u kojem jedni stvaraju buku, a drugi smislen zvuk.&nbsp;<\/p>\n\n\n\n<p><strong>Rad na daljinu nikad nije bio bli\u017ee<\/strong><br>Kao i prethodnih godina, pored interesantnih predavanja, HR Daysi \u0107e pod &#8216;svjetla reflektora&#8217; staviti aktualne procese i trendove na tr\u017ei\u0161tu rada, a ovogodi\u0161nja konferencija ponudit \u0107e dva okrugla stola.<\/p>\n\n\n\n<p>Prvi, pod nazivom &#8216;<strong>Rad na daljinu nikad nije bio bli\u017ee&#8217;<\/strong>,&nbsp;za cilj ima dati jasniju sliku budu\u0107nosti rada u Hrvatskoj i pru\u017eiti konkretne&nbsp;odgovore na pitanja poput:<\/p>\n\n\n\n<p><em>\u201eHo\u0107emo li jesen do\u010dekati rade\u0107i iz ureda, od ku\u0107e, ili \u0107emo, pak, kombinirati ova dva oblika rada?\u201c<br>\u201eUzimaju li poslodavci u obzir \u017eelje zaposlenika prilikom dono\u0161enja odluke o organizaciji rada?\u201c<br>&nbsp;\u201eImaju li poslodavci jednako povjerenje u radnike koji rade iz udobnosti vlastitog doma, kao \u0161to imaju u one koje svakodnevno vi\u0111aju u uredu?\u201c<\/em><\/p>\n\n\n\n<p>Na panelu \u0107e biti prezentirani rezultati&nbsp;<a href=\"https:\/\/www.surveymonkey.com\/r\/557T89Y\" target=\"_blank\" rel=\"noreferrer noopener\"><strong>istra\u017eivanja&nbsp;o budu\u0107nosti organizacije rada i radnog mjesta<\/strong><\/a>&nbsp;u kojem i dalje mo\u017eete sudjelovati i ponuditi va\u0161a razmi\u0161ljanja o ovoj temi.<\/p>\n\n\n\n<p>U okviru drugog panela&nbsp;<strong>&#8216;Trendovi na tr\u017ei\u0161tu rada&#8217;<\/strong>, na kojem \u0107e sudjelovati \u010delni ljudi vode\u0107ih regionalnih portala za zapo\u0161ljavanje, govora \u0107e biti o najzna\u010dajnijim promjenama na &#8216;recruitment&#8217; tr\u017ei\u0161tu, najtra\u017eenijim zanimanjima, manjku doma\u0107ih radnika i uvozu radne snage te drugim trendovima u zapo\u0161ljavanju.<\/p>\n\n\n\n<p><strong>Interaktivne radionice, networking i Najbolje HR prakse<\/strong><br>\nZa sve one koji \u017eele dodatno obogatiti svoje znanje i izbrusiti vje\u0161tine, konferencija nudi&nbsp;<strong>interactive workshops<\/strong>&nbsp;na temu leadershipa, wellbeinga i mindfulnessa, a nikako nemojte propustiti&nbsp;<strong>Masterclass&nbsp;<\/strong>uz sjajnog Skipa Bowmana!<\/p>\n\n\n\n<p>Prilika je to za u\u010denje, ali i za dugo i\u0161\u010dekivani&nbsp;<strong><em>networking<\/em><\/strong>&nbsp;i dru\u017eenje s kolegama iz struke!<\/p>\n\n\n\n<p>Tako\u0111er, MojPosao je jo\u0161 2010. godine pokrenuo projekt&nbsp;<a href=\"https:\/\/hrprakse.hr\/en\/\" target=\"_blank\" rel=\"noreferrer noopener\"><strong>Best HR Practices project in 2010<\/strong><\/a>&nbsp;kojim odajemo priznanje kvalitetnom, predanom i u\u010dinkovitom radu HR profesionalaca.&nbsp;<\/p>\n\n\n\n<p>S ponosom mo\u017eemo istaknuti kako je na stol na\u0161eg stru\u010dnog \u017eirija ove godine dostavljen rekordan broj originalnih HR projekata, programa i inicijativa koji su pridonijeli pove\u0107anju kvalitete rada zaposlenika i boljim poslovnim rezultatima, a 23. rujna \u0107emo doznati tko su autori najboljih HR praksi u Hrvatskoj.<\/p>\n\n\n\n<p>Partneri konferencije su<strong> Algebra i LQ<\/strong>, and sponsors <strong>BE-terna i Carlsberg<\/strong>.<\/p>\n\n\n\n<p>Svoje mjesto na najve\u0107oj regionalnoj HR konferenciji&nbsp;<a href=\"https:\/\/hrdays.net\/en\/event\/hr-days-2021\/\" target=\"_blank\" rel=\"noreferrer noopener\"><strong>REZERVIRAJTE<\/strong><\/a>&nbsp;today!<\/p>","protected":false},"excerpt":{"rendered":"<p>Deveto izdanje HR Days konferencije ponovno \u0107e na jednom mjestu okupiti vode\u0107e regionalne stru\u010dnjake iz podru\u010dja ljudskih resursa. Istinski i autenti\u010dni lideri koji uspijevaju&nbsp;okupiti a potom i inspirirati ljude oko sebe prava su rijetkost, gotovo endemske vrste, u dana\u0161njem nesigurnom&#8230;<\/p>","protected":false},"author":2,"featured_media":4290,"comment_status":"closed","ping_status":"closed","sticky":false,"template":"","format":"standard","meta":{"_monsterinsights_skip_tracking":false,"_monsterinsights_sitenote_active":false,"_monsterinsights_sitenote_note":"","_monsterinsights_sitenote_category":0,"footnotes":""},"categories":[20],"tags":[],"class_list":["post-4289","post","type-post","status-publish","format-standard","has-post-thumbnail","hentry","category-vijesti"],"yoast_head":"<!-- This site is optimized with the Yoast SEO plugin v25.3 - https:\/\/yoast.com\/wordpress\/plugins\/seo\/ -->\n<title>HR Days 2021.: O liderima budu\u0107nosti i stvaranju (iz) kaosa! - HR Days<\/title>\n<meta name=\"robots\" content=\"index, follow, max-snippet:-1, max-image-preview:large, max-video-preview:-1\" \/>\n<link rel=\"canonical\" href=\"https:\/\/hrdays.net\/en\/2021\/08\/17\/hr-days-2021-o-liderima-buducnosti-i-stvaranju-iz-kaosa\/\" \/>\n<meta property=\"og:locale\" content=\"en_GB\" \/>\n<meta property=\"og:type\" content=\"article\" \/>\n<meta property=\"og:title\" content=\"HR Days 2021.: O liderima budu\u0107nosti i stvaranju (iz) kaosa! - HR Days\" \/>\n<meta property=\"og:description\" content=\"Deveto izdanje HR Days konferencije ponovno \u0107e na jednom mjestu okupiti vode\u0107e regionalne stru\u010dnjake iz podru\u010dja ljudskih resursa. Istinski i autenti\u010dni lideri koji uspijevaju&nbsp;okupiti a potom i inspirirati ljude oko sebe prava su rijetkost, gotovo endemske vrste, u dana\u0161njem nesigurnom...\" \/>\n<meta property=\"og:url\" content=\"https:\/\/hrdays.net\/en\/2021\/08\/17\/hr-days-2021-o-liderima-buducnosti-i-stvaranju-iz-kaosa\/\" \/>\n<meta property=\"og:site_name\" content=\"HR Days\" \/>\n<meta property=\"article:published_time\" content=\"2021-08-17T09:49:00+00:00\" \/>\n<meta property=\"article:modified_time\" content=\"2021-08-19T10:07:24+00:00\" \/>\n<meta property=\"og:image\" content=\"https:\/\/hrdays.net\/wp-content\/uploads\/2021\/08\/rovinj-22-1024x680.png\" \/>\n\t<meta property=\"og:image:width\" content=\"1024\" \/>\n\t<meta property=\"og:image:height\" content=\"680\" \/>\n\t<meta property=\"og:image:type\" content=\"image\/png\" \/>\n<meta name=\"author\" content=\"Zdenko Hrgovic\" \/>\n<meta name=\"twitter:card\" content=\"summary_large_image\" \/>\n<meta name=\"twitter:label1\" content=\"Written by\" \/>\n\t<meta name=\"twitter:data1\" content=\"Zdenko Hrgovic\" \/>\n\t<meta name=\"twitter:label2\" content=\"Estimated reading time\" \/>\n\t<meta name=\"twitter:data2\" content=\"4 minutes\" \/>\n<script type=\"application\/ld+json\" class=\"yoast-schema-graph\">{\"@context\":\"https:\/\/schema.org\",\"@graph\":[{\"@type\":\"WebPage\",\"@id\":\"https:\/\/hrdays.net\/2021\/08\/17\/hr-days-2021-o-liderima-buducnosti-i-stvaranju-iz-kaosa\/\",\"url\":\"https:\/\/hrdays.net\/2021\/08\/17\/hr-days-2021-o-liderima-buducnosti-i-stvaranju-iz-kaosa\/\",\"name\":\"HR Days 2021.: O liderima budu\u0107nosti i stvaranju (iz) kaosa! - HR Days\",\"isPartOf\":{\"@id\":\"https:\/\/hrdays.net\/#website\"},\"primaryImageOfPage\":{\"@id\":\"https:\/\/hrdays.net\/2021\/08\/17\/hr-days-2021-o-liderima-buducnosti-i-stvaranju-iz-kaosa\/#primaryimage\"},\"image\":{\"@id\":\"https:\/\/hrdays.net\/2021\/08\/17\/hr-days-2021-o-liderima-buducnosti-i-stvaranju-iz-kaosa\/#primaryimage\"},\"thumbnailUrl\":\"https:\/\/hrdays.net\/wp-content\/uploads\/2021\/08\/rovinj-22.png\",\"datePublished\":\"2021-08-17T09:49:00+00:00\",\"dateModified\":\"2021-08-19T10:07:24+00:00\",\"author\":{\"@id\":\"https:\/\/hrdays.net\/#\/schema\/person\/3a2395f99aeed1f7e66db364045d45b7\"},\"breadcrumb\":{\"@id\":\"https:\/\/hrdays.net\/2021\/08\/17\/hr-days-2021-o-liderima-buducnosti-i-stvaranju-iz-kaosa\/#breadcrumb\"},\"inLanguage\":\"en-GB\",\"potentialAction\":[{\"@type\":\"ReadAction\",\"target\":[\"https:\/\/hrdays.net\/2021\/08\/17\/hr-days-2021-o-liderima-buducnosti-i-stvaranju-iz-kaosa\/\"]}]},{\"@type\":\"ImageObject\",\"inLanguage\":\"en-GB\",\"@id\":\"https:\/\/hrdays.net\/2021\/08\/17\/hr-days-2021-o-liderima-buducnosti-i-stvaranju-iz-kaosa\/#primaryimage\",\"url\":\"https:\/\/hrdays.net\/wp-content\/uploads\/2021\/08\/rovinj-22.png\",\"contentUrl\":\"https:\/\/hrdays.net\/wp-content\/uploads\/2021\/08\/rovinj-22.png\",\"width\":1500,\"height\":996},{\"@type\":\"BreadcrumbList\",\"@id\":\"https:\/\/hrdays.net\/2021\/08\/17\/hr-days-2021-o-liderima-buducnosti-i-stvaranju-iz-kaosa\/#breadcrumb\",\"itemListElement\":[{\"@type\":\"ListItem\",\"position\":1,\"name\":\"Home\",\"item\":\"https:\/\/hrdays.net\/\"},{\"@type\":\"ListItem\",\"position\":2,\"name\":\"HR Days 2021.: O liderima budu\u0107nosti i stvaranju (iz) kaosa!\"}]},{\"@type\":\"WebSite\",\"@id\":\"https:\/\/hrdays.net\/#website\",\"url\":\"https:\/\/hrdays.net\/\",\"name\":\"HR Days\",\"description\":\"HRDays - konferencija o upravljanju ljudskim resursima\",\"potentialAction\":[{\"@type\":\"SearchAction\",\"target\":{\"@type\":\"EntryPoint\",\"urlTemplate\":\"https:\/\/hrdays.net\/?s={search_term_string}\"},\"query-input\":{\"@type\":\"PropertyValueSpecification\",\"valueRequired\":true,\"valueName\":\"search_term_string\"}}],\"inLanguage\":\"en-GB\"},{\"@type\":\"Person\",\"@id\":\"https:\/\/hrdays.net\/#\/schema\/person\/3a2395f99aeed1f7e66db364045d45b7\",\"name\":\"Zdenko Hrgovic\",\"image\":{\"@type\":\"ImageObject\",\"inLanguage\":\"en-GB\",\"@id\":\"https:\/\/hrdays.net\/#\/schema\/person\/image\/\",\"url\":\"https:\/\/secure.gravatar.com\/avatar\/779cefe6dfe22fae81d9e83b5937151364c74598f92dc495d56d2332b613307e?s=96&d=mm&r=g\",\"contentUrl\":\"https:\/\/secure.gravatar.com\/avatar\/779cefe6dfe22fae81d9e83b5937151364c74598f92dc495d56d2332b613307e?s=96&d=mm&r=g\",\"caption\":\"Zdenko Hrgovic\"},\"url\":\"https:\/\/hrdays.net\/en\/author\/zdenko\/\"}]}<\/script>\n<!-- \/ Yoast SEO plugin. -->","yoast_head_json":{"title":"HR Days 2021.: O liderima budu\u0107nosti i stvaranju (iz) kaosa! - HR Days","robots":{"index":"index","follow":"follow","max-snippet":"max-snippet:-1","max-image-preview":"max-image-preview:large","max-video-preview":"max-video-preview:-1"},"canonical":"https:\/\/hrdays.net\/en\/2021\/08\/17\/hr-days-2021-o-liderima-buducnosti-i-stvaranju-iz-kaosa\/","og_locale":"en_GB","og_type":"article","og_title":"HR Days 2021.: O liderima budu\u0107nosti i stvaranju (iz) kaosa! - HR Days","og_description":"Deveto izdanje HR Days konferencije ponovno \u0107e na jednom mjestu okupiti vode\u0107e regionalne stru\u010dnjake iz podru\u010dja ljudskih resursa. Istinski i autenti\u010dni lideri koji uspijevaju&nbsp;okupiti a potom i inspirirati ljude oko sebe prava su rijetkost, gotovo endemske vrste, u dana\u0161njem nesigurnom...","og_url":"https:\/\/hrdays.net\/en\/2021\/08\/17\/hr-days-2021-o-liderima-buducnosti-i-stvaranju-iz-kaosa\/","og_site_name":"HR Days","article_published_time":"2021-08-17T09:49:00+00:00","article_modified_time":"2021-08-19T10:07:24+00:00","og_image":[{"width":1024,"height":680,"url":"https:\/\/hrdays.net\/wp-content\/uploads\/2021\/08\/rovinj-22-1024x680.png","type":"image\/png"}],"author":"Zdenko Hrgovic","twitter_card":"summary_large_image","twitter_misc":{"Written by":"Zdenko Hrgovic","Estimated reading time":"4 minutes"},"schema":{"@context":"https:\/\/schema.org","@graph":[{"@type":"WebPage","@id":"https:\/\/hrdays.net\/2021\/08\/17\/hr-days-2021-o-liderima-buducnosti-i-stvaranju-iz-kaosa\/","url":"https:\/\/hrdays.net\/2021\/08\/17\/hr-days-2021-o-liderima-buducnosti-i-stvaranju-iz-kaosa\/","name":"HR Days 2021.: O liderima budu\u0107nosti i stvaranju (iz) kaosa! - HR Days","isPartOf":{"@id":"https:\/\/hrdays.net\/#website"},"primaryImageOfPage":{"@id":"https:\/\/hrdays.net\/2021\/08\/17\/hr-days-2021-o-liderima-buducnosti-i-stvaranju-iz-kaosa\/#primaryimage"},"image":{"@id":"https:\/\/hrdays.net\/2021\/08\/17\/hr-days-2021-o-liderima-buducnosti-i-stvaranju-iz-kaosa\/#primaryimage"},"thumbnailUrl":"https:\/\/hrdays.net\/wp-content\/uploads\/2021\/08\/rovinj-22.png","datePublished":"2021-08-17T09:49:00+00:00","dateModified":"2021-08-19T10:07:24+00:00","author":{"@id":"https:\/\/hrdays.net\/#\/schema\/person\/3a2395f99aeed1f7e66db364045d45b7"},"breadcrumb":{"@id":"https:\/\/hrdays.net\/2021\/08\/17\/hr-days-2021-o-liderima-buducnosti-i-stvaranju-iz-kaosa\/#breadcrumb"},"inLanguage":"en-GB","potentialAction":[{"@type":"ReadAction","target":["https:\/\/hrdays.net\/2021\/08\/17\/hr-days-2021-o-liderima-buducnosti-i-stvaranju-iz-kaosa\/"]}]},{"@type":"ImageObject","inLanguage":"en-GB","@id":"https:\/\/hrdays.net\/2021\/08\/17\/hr-days-2021-o-liderima-buducnosti-i-stvaranju-iz-kaosa\/#primaryimage","url":"https:\/\/hrdays.net\/wp-content\/uploads\/2021\/08\/rovinj-22.png","contentUrl":"https:\/\/hrdays.net\/wp-content\/uploads\/2021\/08\/rovinj-22.png","width":1500,"height":996},{"@type":"BreadcrumbList","@id":"https:\/\/hrdays.net\/2021\/08\/17\/hr-days-2021-o-liderima-buducnosti-i-stvaranju-iz-kaosa\/#breadcrumb","itemListElement":[{"@type":"ListItem","position":1,"name":"Home","item":"https:\/\/hrdays.net\/"},{"@type":"ListItem","position":2,"name":"HR Days 2021.: O liderima budu\u0107nosti i stvaranju (iz) kaosa!"}]},{"@type":"WebSite","@id":"https:\/\/hrdays.net\/#website","url":"https:\/\/hrdays.net\/","name":"HR Days","description":"HRDays - konferencija o upravljanju ljudskim resursima","potentialAction":[{"@type":"SearchAction","target":{"@type":"EntryPoint","urlTemplate":"https:\/\/hrdays.net\/?s={search_term_string}"},"query-input":{"@type":"PropertyValueSpecification","valueRequired":true,"valueName":"search_term_string"}}],"inLanguage":"en-GB"},{"@type":"Person","@id":"https:\/\/hrdays.net\/#\/schema\/person\/3a2395f99aeed1f7e66db364045d45b7","name":"Zdenko Hrgovic","image":{"@type":"ImageObject","inLanguage":"en-GB","@id":"https:\/\/hrdays.net\/#\/schema\/person\/image\/","url":"https:\/\/secure.gravatar.com\/avatar\/779cefe6dfe22fae81d9e83b5937151364c74598f92dc495d56d2332b613307e?s=96&d=mm&r=g","contentUrl":"https:\/\/secure.gravatar.com\/avatar\/779cefe6dfe22fae81d9e83b5937151364c74598f92dc495d56d2332b613307e?s=96&d=mm&r=g","caption":"Zdenko Hrgovic"},"url":"https:\/\/hrdays.net\/en\/author\/zdenko\/"}]}},"_links":{"self":[{"href":"https:\/\/hrdays.net\/en\/wp-json\/wp\/v2\/posts\/4289","targetHints":{"allow":["GET"]}}],"collection":[{"href":"https:\/\/hrdays.net\/en\/wp-json\/wp\/v2\/posts"}],"about":[{"href":"https:\/\/hrdays.net\/en\/wp-json\/wp\/v2\/types\/post"}],"author":[{"embeddable":true,"href":"https:\/\/hrdays.net\/en\/wp-json\/wp\/v2\/users\/2"}],"replies":[{"embeddable":true,"href":"https:\/\/hrdays.net\/en\/wp-json\/wp\/v2\/comments?post=4289"}],"version-history":[{"count":3,"href":"https:\/\/hrdays.net\/en\/wp-json\/wp\/v2\/posts\/4289\/revisions"}],"predecessor-version":[{"id":4304,"href":"https:\/\/hrdays.net\/en\/wp-json\/wp\/v2\/posts\/4289\/revisions\/4304"}],"wp:featuredmedia":[{"embeddable":true,"href":"https:\/\/hrdays.net\/en\/wp-json\/wp\/v2\/media\/4290"}],"wp:attachment":[{"href":"https:\/\/hrdays.net\/en\/wp-json\/wp\/v2\/media?parent=4289"}],"wp:term":[{"taxonomy":"category","embeddable":true,"href":"https:\/\/hrdays.net\/en\/wp-json\/wp\/v2\/categories?post=4289"},{"taxonomy":"post_tag","embeddable":true,"href":"https:\/\/hrdays.net\/en\/wp-json\/wp\/v2\/tags?post=4289"}],"curies":[{"name":"wp","href":"https:\/\/api.w.org\/{rel}","templated":true}]}}