{"id":3402,"date":"2021-05-10T15:03:59","date_gmt":"2021-05-10T13:03:59","guid":{"rendered":"https:\/\/hrdays.net\/?p=3402"},"modified":"2021-05-10T15:04:57","modified_gmt":"2021-05-10T13:04:57","slug":"podijelite-sa-svijetom-vase-uspjesne-hr-prakse","status":"publish","type":"post","link":"https:\/\/hrdays.net\/en\/2021\/05\/10\/podijelite-sa-svijetom-vase-uspjesne-hr-prakse\/","title":{"rendered":"Podijelite sa svijetom va\u0161e uspje\u0161ne HR Prakse!"},"content":{"rendered":"<p><em>U okviru ovogodi\u0161nje HR Days konferencije, koja \u0107e se odr\u017eati 22. i 23. rujna u Rovinju, ponovno nagra\u0111ujemo najuspje\u0161nije HR projekte iz pro\u0161le godine.<\/em><\/p>\n\n\n\n<p>Potaknuti razmi\u0161ljanjem kako se &#8216;znanje mno\u017ei dijeljenjem&#8217;, MojPosao je jo\u0161 2010. godine pokrenuo projekt <a href=\"https:\/\/hrprakse.hr\/#page-top\" target=\"_blank\" rel=\"noreferrer noopener\">Najbolje <\/a><a href=\"https:\/\/hrprakse.hr\/#page-top\">HR practices<\/a> kojim odajemo priznanje kvalitetnom, predanom i u\u010dinkovitom radu HR profesionalaca i \u0161irimo &#8216;know how&#8217; me\u0111u HR zajednicom.<\/p>\n\n\n\n<p>U Najbolje HR prakse spadaju projekti koji su omogu\u0107ili <strong>trajnu promjenu kulture kompanije<\/strong>, <strong>podizanje anga\u017eiranosti zaposlenika i zna\u010dajan doprinos poslovnom uspjehu tvrtke<\/strong>. Ili, drugim rije\u010dima, radi se o svim onim aktivnostima, inicijativama i programima koji su tvrtkama i njenim zaposlenicima bili prijeko potrebni otkako smo suo\u010deni s posljedicama pandemije.<\/p>\n\n\n\n<p>Odlukom stru\u010dnog \u017eirija sastavljenog od istaknutih HR profesionalaca i publike, odnosno sudionika HR Days konferencije, tijekom pro\u0161logodi\u0161nje konferencije su za svoje uspje\u0161ne HR prakse iz 2019. godine nagra\u0111eni:<\/p>\n\n\n\n<ol class=\"wp-block-list\" type=\"1\"><li><strong>Infinum, <\/strong><em>projekt &#8216;Eggcelent&#8217;<\/em><\/li><li><strong>Terme Sv. Martin<\/strong>, <em>projekt &#8216;Radi i dodatno zaradi&#8217;<\/em><\/li><li><strong>Span, <\/strong><em>projekt &#8216;Span TV&#8217;<\/em><\/li><\/ol>\n\n\n\n<p>Radujemo se novim prijavama inovativnih projekata koji promi\u010du ulogu HR-a u tvrtkama, pospje\u0161uju poslovne rezultate i unaprje\u0111uju kvalitetu rada svih zaposlenika.<\/p>\n\n\n\n<p>Stoga, podijelite sa svijetom HR projekte kojima se ponosite, sudjelujte u razmjeni znanja i prijavite se za <a href=\"https:\/\/hrprakse.hr\/#prijava\" target=\"_blank\" rel=\"noreferrer noopener\">Najbolje HR prakse 2020.<\/a>! Nagrade najboljima \u0107e biti dodijeljene u sklopu\u00a0<a href=\"https:\/\/hrdays.net\/en\/\">9. HR Days konferencije<\/a> u Rovinju, a rok za prijavu je 26.7. 2021 godine.<\/p>","protected":false},"excerpt":{"rendered":"<p>U okviru ovogodi\u0161nje HR Days konferencije, koja \u0107e se odr\u017eati 22. i 23. rujna u Rovinju, ponovno nagra\u0111ujemo najuspje\u0161nije HR projekte iz pro\u0161le godine. Potaknuti razmi\u0161ljanjem kako se &#8216;znanje mno\u017ei dijeljenjem&#8217;, MojPosao je jo\u0161 2010. godine pokrenuo projekt Najbolje HR&#8230;<\/p>","protected":false},"author":2,"featured_media":3403,"comment_status":"closed","ping_status":"closed","sticky":false,"template":"","format":"standard","meta":{"_monsterinsights_skip_tracking":false,"_monsterinsights_sitenote_active":false,"_monsterinsights_sitenote_note":"","_monsterinsights_sitenote_category":0,"footnotes":""},"categories":[20],"tags":[],"class_list":["post-3402","post","type-post","status-publish","format-standard","has-post-thumbnail","hentry","category-vijesti"],"yoast_head":"<!-- This site is optimized with the Yoast SEO plugin v25.3 - https:\/\/yoast.com\/wordpress\/plugins\/seo\/ -->\n<title>Podijelite sa svijetom va\u0161e uspje\u0161ne HR Prakse! - HR Days<\/title>\n<meta name=\"robots\" content=\"index, follow, max-snippet:-1, max-image-preview:large, max-video-preview:-1\" \/>\n<link rel=\"canonical\" href=\"https:\/\/hrdays.net\/en\/2021\/05\/10\/podijelite-sa-svijetom-vase-uspjesne-hr-prakse\/\" \/>\n<meta property=\"og:locale\" content=\"en_GB\" \/>\n<meta property=\"og:type\" content=\"article\" \/>\n<meta property=\"og:title\" content=\"Podijelite sa svijetom va\u0161e uspje\u0161ne HR Prakse! - HR Days\" \/>\n<meta property=\"og:description\" content=\"U okviru ovogodi\u0161nje HR Days konferencije, koja \u0107e se odr\u017eati 22. i 23. rujna u Rovinju, ponovno nagra\u0111ujemo najuspje\u0161nije HR projekte iz pro\u0161le godine. Potaknuti razmi\u0161ljanjem kako se &#8216;znanje mno\u017ei dijeljenjem&#8217;, MojPosao je jo\u0161 2010. godine pokrenuo projekt Najbolje HR...\" \/>\n<meta property=\"og:url\" content=\"https:\/\/hrdays.net\/en\/2021\/05\/10\/podijelite-sa-svijetom-vase-uspjesne-hr-prakse\/\" \/>\n<meta property=\"og:site_name\" content=\"HR Days\" \/>\n<meta property=\"article:published_time\" content=\"2021-05-10T13:03:59+00:00\" \/>\n<meta property=\"article:modified_time\" content=\"2021-05-10T13:04:57+00:00\" \/>\n<meta property=\"og:image\" content=\"https:\/\/hrdays.net\/wp-content\/uploads\/2021\/05\/najbolje-hr-prakse-mobitel.jpg\" \/>\n\t<meta property=\"og:image:width\" content=\"1500\" \/>\n\t<meta property=\"og:image:height\" content=\"1000\" \/>\n\t<meta property=\"og:image:type\" content=\"image\/jpeg\" \/>\n<meta name=\"author\" content=\"Zdenko Hrgovic\" \/>\n<meta name=\"twitter:card\" content=\"summary_large_image\" \/>\n<meta name=\"twitter:label1\" content=\"Written by\" \/>\n\t<meta name=\"twitter:data1\" content=\"Zdenko Hrgovic\" \/>\n\t<meta name=\"twitter:label2\" content=\"Estimated reading time\" \/>\n\t<meta name=\"twitter:data2\" content=\"1 minute\" \/>\n<script type=\"application\/ld+json\" class=\"yoast-schema-graph\">{\"@context\":\"https:\/\/schema.org\",\"@graph\":[{\"@type\":\"WebPage\",\"@id\":\"https:\/\/hrdays.net\/2021\/05\/10\/podijelite-sa-svijetom-vase-uspjesne-hr-prakse\/\",\"url\":\"https:\/\/hrdays.net\/2021\/05\/10\/podijelite-sa-svijetom-vase-uspjesne-hr-prakse\/\",\"name\":\"Podijelite sa svijetom va\u0161e uspje\u0161ne HR Prakse! - HR Days\",\"isPartOf\":{\"@id\":\"https:\/\/hrdays.net\/#website\"},\"primaryImageOfPage\":{\"@id\":\"https:\/\/hrdays.net\/2021\/05\/10\/podijelite-sa-svijetom-vase-uspjesne-hr-prakse\/#primaryimage\"},\"image\":{\"@id\":\"https:\/\/hrdays.net\/2021\/05\/10\/podijelite-sa-svijetom-vase-uspjesne-hr-prakse\/#primaryimage\"},\"thumbnailUrl\":\"https:\/\/hrdays.net\/wp-content\/uploads\/2021\/05\/najbolje-hr-prakse-mobitel.jpg\",\"datePublished\":\"2021-05-10T13:03:59+00:00\",\"dateModified\":\"2021-05-10T13:04:57+00:00\",\"author\":{\"@id\":\"https:\/\/hrdays.net\/#\/schema\/person\/3a2395f99aeed1f7e66db364045d45b7\"},\"breadcrumb\":{\"@id\":\"https:\/\/hrdays.net\/2021\/05\/10\/podijelite-sa-svijetom-vase-uspjesne-hr-prakse\/#breadcrumb\"},\"inLanguage\":\"en-GB\",\"potentialAction\":[{\"@type\":\"ReadAction\",\"target\":[\"https:\/\/hrdays.net\/2021\/05\/10\/podijelite-sa-svijetom-vase-uspjesne-hr-prakse\/\"]}]},{\"@type\":\"ImageObject\",\"inLanguage\":\"en-GB\",\"@id\":\"https:\/\/hrdays.net\/2021\/05\/10\/podijelite-sa-svijetom-vase-uspjesne-hr-prakse\/#primaryimage\",\"url\":\"https:\/\/hrdays.net\/wp-content\/uploads\/2021\/05\/najbolje-hr-prakse-mobitel.jpg\",\"contentUrl\":\"https:\/\/hrdays.net\/wp-content\/uploads\/2021\/05\/najbolje-hr-prakse-mobitel.jpg\",\"width\":1500,\"height\":1000},{\"@type\":\"BreadcrumbList\",\"@id\":\"https:\/\/hrdays.net\/2021\/05\/10\/podijelite-sa-svijetom-vase-uspjesne-hr-prakse\/#breadcrumb\",\"itemListElement\":[{\"@type\":\"ListItem\",\"position\":1,\"name\":\"Home\",\"item\":\"https:\/\/hrdays.net\/\"},{\"@type\":\"ListItem\",\"position\":2,\"name\":\"Podijelite sa svijetom va\u0161e uspje\u0161ne HR Prakse!\"}]},{\"@type\":\"WebSite\",\"@id\":\"https:\/\/hrdays.net\/#website\",\"url\":\"https:\/\/hrdays.net\/\",\"name\":\"HR Days\",\"description\":\"HRDays - konferencija o upravljanju ljudskim resursima\",\"potentialAction\":[{\"@type\":\"SearchAction\",\"target\":{\"@type\":\"EntryPoint\",\"urlTemplate\":\"https:\/\/hrdays.net\/?s={search_term_string}\"},\"query-input\":{\"@type\":\"PropertyValueSpecification\",\"valueRequired\":true,\"valueName\":\"search_term_string\"}}],\"inLanguage\":\"en-GB\"},{\"@type\":\"Person\",\"@id\":\"https:\/\/hrdays.net\/#\/schema\/person\/3a2395f99aeed1f7e66db364045d45b7\",\"name\":\"Zdenko Hrgovic\",\"image\":{\"@type\":\"ImageObject\",\"inLanguage\":\"en-GB\",\"@id\":\"https:\/\/hrdays.net\/#\/schema\/person\/image\/\",\"url\":\"https:\/\/secure.gravatar.com\/avatar\/779cefe6dfe22fae81d9e83b5937151364c74598f92dc495d56d2332b613307e?s=96&d=mm&r=g\",\"contentUrl\":\"https:\/\/secure.gravatar.com\/avatar\/779cefe6dfe22fae81d9e83b5937151364c74598f92dc495d56d2332b613307e?s=96&d=mm&r=g\",\"caption\":\"Zdenko Hrgovic\"},\"url\":\"https:\/\/hrdays.net\/en\/author\/zdenko\/\"}]}<\/script>\n<!-- \/ Yoast SEO plugin. -->","yoast_head_json":{"title":"Podijelite sa svijetom va\u0161e uspje\u0161ne HR Prakse! - HR Days","robots":{"index":"index","follow":"follow","max-snippet":"max-snippet:-1","max-image-preview":"max-image-preview:large","max-video-preview":"max-video-preview:-1"},"canonical":"https:\/\/hrdays.net\/en\/2021\/05\/10\/podijelite-sa-svijetom-vase-uspjesne-hr-prakse\/","og_locale":"en_GB","og_type":"article","og_title":"Podijelite sa svijetom va\u0161e uspje\u0161ne HR Prakse! - HR Days","og_description":"U okviru ovogodi\u0161nje HR Days konferencije, koja \u0107e se odr\u017eati 22. i 23. rujna u Rovinju, ponovno nagra\u0111ujemo najuspje\u0161nije HR projekte iz pro\u0161le godine. Potaknuti razmi\u0161ljanjem kako se &#8216;znanje mno\u017ei dijeljenjem&#8217;, MojPosao je jo\u0161 2010. godine pokrenuo projekt Najbolje HR...","og_url":"https:\/\/hrdays.net\/en\/2021\/05\/10\/podijelite-sa-svijetom-vase-uspjesne-hr-prakse\/","og_site_name":"HR Days","article_published_time":"2021-05-10T13:03:59+00:00","article_modified_time":"2021-05-10T13:04:57+00:00","og_image":[{"width":1500,"height":1000,"url":"https:\/\/hrdays.net\/wp-content\/uploads\/2021\/05\/najbolje-hr-prakse-mobitel.jpg","type":"image\/jpeg"}],"author":"Zdenko Hrgovic","twitter_card":"summary_large_image","twitter_misc":{"Written by":"Zdenko Hrgovic","Estimated reading time":"1 minute"},"schema":{"@context":"https:\/\/schema.org","@graph":[{"@type":"WebPage","@id":"https:\/\/hrdays.net\/2021\/05\/10\/podijelite-sa-svijetom-vase-uspjesne-hr-prakse\/","url":"https:\/\/hrdays.net\/2021\/05\/10\/podijelite-sa-svijetom-vase-uspjesne-hr-prakse\/","name":"Podijelite sa svijetom va\u0161e uspje\u0161ne HR Prakse! - HR Days","isPartOf":{"@id":"https:\/\/hrdays.net\/#website"},"primaryImageOfPage":{"@id":"https:\/\/hrdays.net\/2021\/05\/10\/podijelite-sa-svijetom-vase-uspjesne-hr-prakse\/#primaryimage"},"image":{"@id":"https:\/\/hrdays.net\/2021\/05\/10\/podijelite-sa-svijetom-vase-uspjesne-hr-prakse\/#primaryimage"},"thumbnailUrl":"https:\/\/hrdays.net\/wp-content\/uploads\/2021\/05\/najbolje-hr-prakse-mobitel.jpg","datePublished":"2021-05-10T13:03:59+00:00","dateModified":"2021-05-10T13:04:57+00:00","author":{"@id":"https:\/\/hrdays.net\/#\/schema\/person\/3a2395f99aeed1f7e66db364045d45b7"},"breadcrumb":{"@id":"https:\/\/hrdays.net\/2021\/05\/10\/podijelite-sa-svijetom-vase-uspjesne-hr-prakse\/#breadcrumb"},"inLanguage":"en-GB","potentialAction":[{"@type":"ReadAction","target":["https:\/\/hrdays.net\/2021\/05\/10\/podijelite-sa-svijetom-vase-uspjesne-hr-prakse\/"]}]},{"@type":"ImageObject","inLanguage":"en-GB","@id":"https:\/\/hrdays.net\/2021\/05\/10\/podijelite-sa-svijetom-vase-uspjesne-hr-prakse\/#primaryimage","url":"https:\/\/hrdays.net\/wp-content\/uploads\/2021\/05\/najbolje-hr-prakse-mobitel.jpg","contentUrl":"https:\/\/hrdays.net\/wp-content\/uploads\/2021\/05\/najbolje-hr-prakse-mobitel.jpg","width":1500,"height":1000},{"@type":"BreadcrumbList","@id":"https:\/\/hrdays.net\/2021\/05\/10\/podijelite-sa-svijetom-vase-uspjesne-hr-prakse\/#breadcrumb","itemListElement":[{"@type":"ListItem","position":1,"name":"Home","item":"https:\/\/hrdays.net\/"},{"@type":"ListItem","position":2,"name":"Podijelite sa svijetom va\u0161e uspje\u0161ne HR Prakse!"}]},{"@type":"WebSite","@id":"https:\/\/hrdays.net\/#website","url":"https:\/\/hrdays.net\/","name":"HR Days","description":"HRDays - konferencija o upravljanju ljudskim resursima","potentialAction":[{"@type":"SearchAction","target":{"@type":"EntryPoint","urlTemplate":"https:\/\/hrdays.net\/?s={search_term_string}"},"query-input":{"@type":"PropertyValueSpecification","valueRequired":true,"valueName":"search_term_string"}}],"inLanguage":"en-GB"},{"@type":"Person","@id":"https:\/\/hrdays.net\/#\/schema\/person\/3a2395f99aeed1f7e66db364045d45b7","name":"Zdenko Hrgovic","image":{"@type":"ImageObject","inLanguage":"en-GB","@id":"https:\/\/hrdays.net\/#\/schema\/person\/image\/","url":"https:\/\/secure.gravatar.com\/avatar\/779cefe6dfe22fae81d9e83b5937151364c74598f92dc495d56d2332b613307e?s=96&d=mm&r=g","contentUrl":"https:\/\/secure.gravatar.com\/avatar\/779cefe6dfe22fae81d9e83b5937151364c74598f92dc495d56d2332b613307e?s=96&d=mm&r=g","caption":"Zdenko Hrgovic"},"url":"https:\/\/hrdays.net\/en\/author\/zdenko\/"}]}},"_links":{"self":[{"href":"https:\/\/hrdays.net\/en\/wp-json\/wp\/v2\/posts\/3402","targetHints":{"allow":["GET"]}}],"collection":[{"href":"https:\/\/hrdays.net\/en\/wp-json\/wp\/v2\/posts"}],"about":[{"href":"https:\/\/hrdays.net\/en\/wp-json\/wp\/v2\/types\/post"}],"author":[{"embeddable":true,"href":"https:\/\/hrdays.net\/en\/wp-json\/wp\/v2\/users\/2"}],"replies":[{"embeddable":true,"href":"https:\/\/hrdays.net\/en\/wp-json\/wp\/v2\/comments?post=3402"}],"version-history":[{"count":2,"href":"https:\/\/hrdays.net\/en\/wp-json\/wp\/v2\/posts\/3402\/revisions"}],"predecessor-version":[{"id":3405,"href":"https:\/\/hrdays.net\/en\/wp-json\/wp\/v2\/posts\/3402\/revisions\/3405"}],"wp:featuredmedia":[{"embeddable":true,"href":"https:\/\/hrdays.net\/en\/wp-json\/wp\/v2\/media\/3403"}],"wp:attachment":[{"href":"https:\/\/hrdays.net\/en\/wp-json\/wp\/v2\/media?parent=3402"}],"wp:term":[{"taxonomy":"category","embeddable":true,"href":"https:\/\/hrdays.net\/en\/wp-json\/wp\/v2\/categories?post=3402"},{"taxonomy":"post_tag","embeddable":true,"href":"https:\/\/hrdays.net\/en\/wp-json\/wp\/v2\/tags?post=3402"}],"curies":[{"name":"wp","href":"https:\/\/api.w.org\/{rel}","templated":true}]}}