{"id":3312,"date":"2020-09-23T13:24:00","date_gmt":"2020-09-23T11:24:00","guid":{"rendered":"https:\/\/hrdays.net\/?p=3312"},"modified":"2021-05-05T13:28:45","modified_gmt":"2021-05-05T11:28:45","slug":"u-krizi-smo-naucili-da-one-size-fits-all-pristup-vise-ne-vrijedi","status":"publish","type":"post","link":"https:\/\/hrdays.net\/en\/2020\/09\/23\/u-krizi-smo-naucili-da-one-size-fits-all-pristup-vise-ne-vrijedi\/","title":{"rendered":"U krizi smo nau\u010dili da &#8216;one size fits all&#8217; pristup vi\u0161e ne vrijedi"},"content":{"rendered":"<p>Iza nas je prvi dan 8. HR days konferencije, najve\u0107eg regionalnog okupljanja HR profesionalaca u svrhu razmjene i \u0161irenja znanja, stjecanja novih vje\u0161tina i iskustava te pra\u0107enja trendova iz svijeta ljudskih potencijala.<\/p>\n\n\n\n<p>Uslijed aktualne javnozdravstvene situacije, ovogodi\u0161nja konferencija se po prvi put odr\u017eava online, a promjena ambijenta i prelazak iz fizi\u010dkog u digitalno okru\u017eenje nisu utjecali na kvalitetu programa, odnosno sadr\u017eaja namijenjenog sudionicima konferencije.<\/p>\n\n\n\n<p>Krenuv\u0161i od predavanja o HR-ovcima &#8216;superherojima&#8217; koji svojim entuzijazmom stvaraju radno okru\u017eenje u kojem ljudi doista \u017eele raditi, preko panela zahvaljuju\u0107i kojem smo jo\u0161 jednom shvatili kako su upravo anga\u017eirani radnici najbolji ambasadori tvrtke pa sve do predavanja <strong>Davea Ulricha<\/strong>, glasovitog &#8216;Oca modernog HR-a&#8217;\u2026 Uvodni dan konferencije ponudio je toliko toga!<\/p>\n\n\n\n<p>No, krenimo redom\u2026<\/p>\n\n\n\n<p>Konferenciju je otvorila predstavnica organizatora <strong>Nata\u0161a Pu\u010dar,<\/strong> voditeljica odjela prodaje portala MojPosao, naglasiv\u0161i zadovoljstvo nastavkom tradicije odr\u017eavanja konferencije usprkos svim izazovima i promjenama koje je sa sobom donijela 2020. godina. Pritom je napomenula kako \u201eupravo u te\u0161kim i nepredvidivim vremenima ljudski potencijali mogu pokazati svoju pravu svrhu i tvrtkama ukazati na to da je briga o zaposlenicima prvi korak u stvaranju uspje\u0161nog poslovanja.\u201c<\/p>\n\n\n\n<p>&#8216;Svatko od nas u sebi nosi neku supermo\u0107&#8217;<\/p>\n\n\n\n<p>Na\u0161 prvi ovogodi\u0161nji predava\u010d publici se predstavio u neobi\u010dnom, ali itekako upe\u010datljivom izdanju<strong>. Johan Driessens<\/strong> ve\u0107 neko vrijeme s ponosom nosi neslu\u017ebenu titulu &#8216;direktora entuzijazma&#8217;, a svoju ma\u0161tovitost i originalnost odlu\u010dio je demonstrirati ve\u0107 na startu, pojaviv\u0161i se na na\u0161im ekranima odjeven u kostim superheroja (preciznije, Supermana).<\/p>\n\n\n\n<p>Portretiraju\u0107i lik &#8221;\u010dovjeka od \u010delika&#8221;, Johan je, pored \u0161irenja pozitivne energije, publici prenio poruku kako &#8220;svaki HR-ovac posjeduje odre\u0111enu poslovnu supermo\u0107 koja mu omogu\u0107uje stvaranje pozitivnih iskustava i emocija za zaposlenike.&#8221; Na nama je samo otkriti koja je to na\u0161a supermo\u0107!<\/p>\n\n\n\n<p>Prema Johanu, prije nego li krenemo s planiranjem tjedna ispred nas, moramo si postaviti pitanje &#8216;Smije\u0161e li se na\u0161i zaposlenici kada ponedjeljkom do\u0111u na posao?&#8217;. Ako je odgovor potvrdan &#8211; sjajno, na pravom ste tragu! Me\u0111utim, ako je on negativan, ili pak niste sigurni \u0161to biste odgovorili, pravi je trenutak za promjene koje \u0107e uklju\u010divati &#8221;stvaranje pozitivnijih, posebnih iskustava i emocija za va\u0161e zaposlenike&#8221;, pri\u010da Johan uz poja\u0161njenje kako \u017eivimo u dru\u0161tvu koje pogoni &#8216;ekonomija iskustava&#8217;. Gdjekad pozitivnih, a ponekad negativnih.<\/p>\n\n\n\n<p><strong>Neprestano propitkujte status quo!<\/strong><\/p>\n\n\n\n<p>Po zavr\u0161etku Johanovog predavanja, rije\u010d je preuzela <strong>Blaire Palmer<\/strong>, uspje\u0161na autorica i konzultantica, uz \u010dije smo predavanje &#8216;Punks in Suits \u2013 Busting the myths of leadership&#8217; spoznali kako istinski lideri neprestano &#8220;preispituju sve ono \u0161to (misle da) znaju, izazivaju status quo i spremno prihva\u0107aju promjene koje uklju\u010duju humanije i autenti\u010dnije vodstvo&#8221;.<\/p>\n\n\n\n<p>Prije no \u0161to je napravila ogroman zaokret u karijeri, osnovala vlasitu kompaniju i postala &#8216;digitalni nomad&#8217;, Blaire je radila u bran\u0161i koju opisuje kao svoju prvu ljubav &#8211; u novinarstvu. Dugi niz godina provela je rade\u0107i na BBC-u, sve do trenutka u kojem je, do\u017eivjev\u0161i neugodno iskustvo sa svojim \u0161efom, shvatila da je ta velika i sna\u017ena ljubav &#8211; umrla. U prenesenom zna\u010denju, dakako.<\/p>\n\n\n\n<p>&#8220;Shvatila sam da radim u okru\u017eenju koje, umjesto da poti\u010de, gu\u0161i ideje svojih zaposlenika, stvaraju\u0107i nezadovoljne i nemotivirane ljude. Nakon po\u010detnog jadikovanja, odlu\u010dila sam neke stvari promijeniti . Zapo\u010dela sam sasvim novu karijeru s jednim ciljem &#8211; osvijestiti ljude da je druga\u010dije vodstvo mogu\u0107e!&#8221;, ispri\u010dala je Blaire i naglasila kako uspje\u0161ni lideri vrlo dobro znaju da &#8221;kvalitetno vodstvo ide &#8216;ruku pod ruku&#8217; s promjenama&#8221;.<\/p>\n\n\n\n<p><strong>Najbolji ambasadori tvrtke su (anga\u017eirani) zaposlenici<\/strong><\/p>\n\n\n\n<p>Uslijedio je panel &#8216;Zaposlenici kao ambasadori tvrtke u kriznim vremenima&#8217; na kojem su sudjelovali <strong>Igor Kundi\u0107<\/strong> (\u010dlan uprave, Algebra grupa), Ivan Gorski (group leader za iskustvo zaposlenika, Hrvatski Telekom), Marin Mlinari\u0107 (direktor ljudskih potencijala i organizacijske kulture, Philip Morris) i <strong>Vanda Resnik<\/strong> (voditeljica ljudskih resursa, MojPosao).<\/p>\n\n\n\n<p>Isticanjem vlastitih iskustva i navo\u0111enjem konkretnih primjera iz prakse, panelisti su zaklju\u010dili kako jedino napu\u0161tanjem nekada\u0161njeg &#8216;one size fits all&#8217; na\u010dina razmi\u0161ljanja i individualnijim pristupom svakom zaposleniku mo\u017eemo osigurati uvjete u kojima \u0107e na\u0161i zaposlenici postati autenti\u010dni i vjerodostojni ambasadori tvrtke. \u010cak i u kriznim vremenima.<\/p>\n\n\n\n<p>HT je jedna od rijetkih kompanija u Hrvatskoj koja ima formaliziranu ulogu &#8216;ambasadora branda&#8217;, s ponosom isti\u010de <strong>Ivan Gorski<\/strong>.<\/p>\n\n\n\n<p>&#8220;To su ljudi koji imaju odre\u0111en utjecaj unutar kompanije, ali i izvan nje. Dru\u0161tveni su i predano \u0161ire duh na\u0161e tvrtke. Preko brand ambasadora na jedan prisniji na\u010din prenosimo poruke ostalim zaposlenicima, a njihov utjecaj je velik i na dru\u0161tvenim mre\u017eama&#8221;, naglasio je <strong>Gorski <\/strong>uz dodatak kako je aktualna kriza dovela do \u010de\u0161\u0107e interne komunikacije, ali i ve\u0107eg povjerenja me\u0111u svim zaposlenima u tvrtki.<\/p>\n\n\n\n<p>Zahvaljuju\u0107i \u010dinjenici da su podru\u017enica velike me\u0111unarodne kompanije, u Phillip Morris Hrvatska spremni su do\u010dekali promjene koje je sa sobom donio nepozvani gost u obliku Covida-19.<\/p>\n\n\n\n<p>&#8220;Otpo\u010detka nam je osnovni i daleko najva\u017eniji prioritet bila briga za na\u0161e zaposlenike, njihovo zdravlje i osje\u0107aj sigurnosti, a profit smo ostavili po strani&#8221;, isti\u010de <strong>Marin Mlinari\u0107 <\/strong>i dodaje kako su svim zaposlenicima kojima je to bilo potrebno omogu\u0107ili razgovore sa psiholozima, transparentno su i redovito komunicirali novosti vezane uz tvrtku, a istovremeno su ovo krizno razdoblje iskoristili kako bi postali ono \u010demu su cijelo vrijeme stremili, a to je &#8220;agilna, projektno-orijentirana tvrtka&#8221;.<\/p>\n\n\n\n<p>Iako je pandemija doprinijela osje\u0107aju mankka kontrole i ogromne neizvjesnosti, u Algebri su to vidjeli prilikom za napredak, istaknuo je \u010dlan uprave Algebra Grupe <strong>Igor Kundi\u0107.<\/strong><\/p>\n\n\n\n<p>&#8220;Implementirali smo potpuno nove prakse, oslu\u0161kuju\u0107i ideje i prijedloge na\u0161ih zapolsenika. Uveli smo niz aktivnosti usmjerenih na opu\u0161tanje i prebacivanje misli zaposlenika s problema na neke vedrije teme. Posje\u0107ivali smo online izlo\u017ebe, koncerte , predavanja&#8230;&#8221;, naglasio je <strong>Kundi\u0107 <\/strong>uz napomenu kako nas ova kriza u\u010di da svakoj situaciji, a naro\u010dito onim rubnim, neistra\u017eenim slu\u010dajevima moramo pristupati zasebno jer &#8216;one size fits all&#8217; pristup upravljanju zaposlenicima vi\u0161e ne vrijedi.<\/p>\n\n\n\n<p>S tim se sla\u017ee i <strong>Vanda Resnik<\/strong>, voditeljica odjela ljudskih resursa na portalu MojPosao, potvrdiv\u0161i kako je kriza poni\u0161tila sve prethodno osmi\u0161ljene planove i natjerala nas da krenemo ispo\u010detka. &#8220;Slu\u0161ali smo ljude i kontinuriano tra\u017eili njihov feedback, a svakako bih istaknula &#8216;MojPosao Direkt&#8217; projekt, u okviru kojeg su zaposlenici mogli svoja (anonimna) pitanja izravno poslati&nbsp; direktoru. Na\u0161lo se tu neugodnih i &#8216;\u0161kakljivih&#8217; tema, no direktor je na sva pitanja spremno odgovorio \u0161to je doprinijelo stvaranju atmosfere povjerenja me\u0111u zapsolenicima&#8221;, zaklju\u010dila je <strong>Resnik.<\/strong><\/p>\n\n\n\n<p><strong>Ovo je savr\u0161eno vrijeme za rad u HR-u<\/strong><\/p>\n\n\n\n<p><strong>Kate Rand<\/strong>, vi\u0161estruko nagra\u0111ivana Agile HR prakti\u010darka, prezentacijom stvarnih primjera transformacije poslovanja ukazala je na mogu\u0107nosti i zna\u010daj HR profesionalaca u procesima provo\u0111enja poslovne agilnosti. Usprkos otporu iskazanom od strane uprave ili menad\u017ementa kompanije, uloga HR-ovaca mora biti &#8220;usmjerena na poticanje prihva\u0107anja promjena koje \u0107e transformirati kompaniju i omogu\u0107iti joj kretanje prema naprijed&#8221;, poru\u010dila je Kate uz poja\u0161njenje kako ovo nije prvi put da su svijet obuhvatile ogromne promjene.<\/p>\n\n\n\n<p>&#8220;Sjetimo se samo po\u010detaka globalizacije, kasnije i digitalizacije, odnosno prilagodbi koje smo tada morali u\u010diniti. Sli\u010dna stvar se doga\u0111a i danas, a na\u0161 je zadatak ukazati na \u010dinjenicu da je bez podr\u0161ke HR-a nemogu\u0107e provesti uspje\u0161nu transformaciju poslovanja&#8221;, poentira <strong>Kate.<\/strong><\/p>\n\n\n\n<p>I na kraju, kao posljednji predava\u010d prvog dana konferencije, za &#8216;zoom&#8217; govornicu je stupio &#8216;Otac modernog HR-a&#8217; i jedan od vode\u0107ih svjetskih poslovnih mislilaca <strong>Dave Ulrich<\/strong> koji nam je na zanimljiv i osebujan na\u010din objasnio za\u0161to upravo danas, u ozra\u010dju neprestanih promjena, izazova i nesigurnosti, \u017eivimo u vremenu &#8220;kao stvorenom za rad u podru\u010dju ljudskih potencijala\u201c.<\/p>\n\n\n\n<p>&#8220;Iako \u0107e mnogi HR-ovci na pitanje &#8216;Koja je najva\u017enija stvar koju ljudski potencijali pru\u017eaju zaposleniku?&#8217; instinktivno ponuditi odgovore poput &#8216;stvaranje osje\u0107aja pripadnosti&#8217; ili &#8216;okru\u017eenje u kojem zaposlenik mo\u017ee rasti&#8217;, odgovor je sasvim druga\u010diji. Najve\u0107u vrijednost koju HR profesionalci danas pru\u017eaju zaposlenicima jest &#8211; stvaranje organizacije koja je uspje\u0161na na tr\u017ei\u0161tu&#8221;, tvrdi <strong>Ulrich<\/strong>. S obzirom na \u010dinjenicu da \u017eivimo u svijetu nesigurnosti, u kojem ljudi svakodnevno ostaju bez posla (a nerijetko i bez nade), najva\u017enija stvar koju tvrtka mo\u017ee napraviti za svoje radnike jest &#8220;biti uspje\u0161na na tr\u017ei\u0161tu i \u0161iriti osje\u0107aj sigurnosti me\u0111u njima&#8221;, pojasnio je <strong>Ulrich.<\/strong><\/p>","protected":false},"excerpt":{"rendered":"<p>Iza nas je prvi dan 8. HR days konferencije, najve\u0107eg regionalnog okupljanja HR profesionalaca u svrhu razmjene i \u0161irenja znanja, stjecanja novih vje\u0161tina i iskustava te pra\u0107enja trendova iz svijeta ljudskih potencijala. Uslijed aktualne javnozdravstvene situacije, ovogodi\u0161nja konferencija se po&#8230;<\/p>","protected":false},"author":2,"featured_media":3062,"comment_status":"closed","ping_status":"closed","sticky":false,"template":"","format":"standard","meta":{"_monsterinsights_skip_tracking":false,"_monsterinsights_sitenote_active":false,"_monsterinsights_sitenote_note":"","_monsterinsights_sitenote_category":0,"footnotes":""},"categories":[20],"tags":[],"class_list":["post-3312","post","type-post","status-publish","format-standard","has-post-thumbnail","hentry","category-vijesti"],"yoast_head":"<!-- This site is optimized with the Yoast SEO plugin v25.3 - https:\/\/yoast.com\/wordpress\/plugins\/seo\/ -->\n<title>U krizi smo nau\u010dili da &#039;one size fits all&#039; pristup vi\u0161e ne vrijedi - HR Days<\/title>\n<meta name=\"robots\" content=\"index, follow, max-snippet:-1, max-image-preview:large, max-video-preview:-1\" \/>\n<link rel=\"canonical\" href=\"https:\/\/hrdays.net\/en\/2020\/09\/23\/u-krizi-smo-naucili-da-one-size-fits-all-pristup-vise-ne-vrijedi\/\" \/>\n<meta property=\"og:locale\" content=\"en_GB\" \/>\n<meta property=\"og:type\" content=\"article\" \/>\n<meta property=\"og:title\" content=\"U krizi smo nau\u010dili da &#039;one size fits all&#039; pristup vi\u0161e ne vrijedi - HR Days\" \/>\n<meta property=\"og:description\" content=\"Iza nas je prvi dan 8. HR days konferencije, najve\u0107eg regionalnog okupljanja HR profesionalaca u svrhu razmjene i \u0161irenja znanja, stjecanja novih vje\u0161tina i iskustava te pra\u0107enja trendova iz svijeta ljudskih potencijala. Uslijed aktualne javnozdravstvene situacije, ovogodi\u0161nja konferencija se po...\" \/>\n<meta property=\"og:url\" content=\"https:\/\/hrdays.net\/en\/2020\/09\/23\/u-krizi-smo-naucili-da-one-size-fits-all-pristup-vise-ne-vrijedi\/\" \/>\n<meta property=\"og:site_name\" content=\"HR Days\" \/>\n<meta property=\"article:published_time\" content=\"2020-09-23T11:24:00+00:00\" \/>\n<meta property=\"article:modified_time\" content=\"2021-05-05T11:28:45+00:00\" \/>\n<meta property=\"og:image\" content=\"https:\/\/hrdays.net\/wp-content\/uploads\/2021\/04\/Johan-Dressens-2.jpg\" \/>\n\t<meta property=\"og:image:width\" content=\"1498\" \/>\n\t<meta property=\"og:image:height\" content=\"998\" \/>\n\t<meta property=\"og:image:type\" content=\"image\/jpeg\" \/>\n<meta name=\"author\" content=\"Zdenko Hrgovic\" \/>\n<meta name=\"twitter:card\" content=\"summary_large_image\" \/>\n<meta name=\"twitter:label1\" content=\"Written by\" \/>\n\t<meta name=\"twitter:data1\" content=\"Zdenko Hrgovic\" \/>\n\t<meta name=\"twitter:label2\" content=\"Estimated reading time\" \/>\n\t<meta name=\"twitter:data2\" content=\"7 minutes\" \/>\n<script type=\"application\/ld+json\" class=\"yoast-schema-graph\">{\"@context\":\"https:\/\/schema.org\",\"@graph\":[{\"@type\":\"WebPage\",\"@id\":\"https:\/\/hrdays.net\/2020\/09\/23\/u-krizi-smo-naucili-da-one-size-fits-all-pristup-vise-ne-vrijedi\/\",\"url\":\"https:\/\/hrdays.net\/2020\/09\/23\/u-krizi-smo-naucili-da-one-size-fits-all-pristup-vise-ne-vrijedi\/\",\"name\":\"U krizi smo nau\u010dili da 'one size fits all' pristup vi\u0161e ne vrijedi - HR Days\",\"isPartOf\":{\"@id\":\"https:\/\/hrdays.net\/#website\"},\"primaryImageOfPage\":{\"@id\":\"https:\/\/hrdays.net\/2020\/09\/23\/u-krizi-smo-naucili-da-one-size-fits-all-pristup-vise-ne-vrijedi\/#primaryimage\"},\"image\":{\"@id\":\"https:\/\/hrdays.net\/2020\/09\/23\/u-krizi-smo-naucili-da-one-size-fits-all-pristup-vise-ne-vrijedi\/#primaryimage\"},\"thumbnailUrl\":\"https:\/\/hrdays.net\/wp-content\/uploads\/2021\/04\/Johan-Dressens-2.jpg\",\"datePublished\":\"2020-09-23T11:24:00+00:00\",\"dateModified\":\"2021-05-05T11:28:45+00:00\",\"author\":{\"@id\":\"https:\/\/hrdays.net\/#\/schema\/person\/3a2395f99aeed1f7e66db364045d45b7\"},\"breadcrumb\":{\"@id\":\"https:\/\/hrdays.net\/2020\/09\/23\/u-krizi-smo-naucili-da-one-size-fits-all-pristup-vise-ne-vrijedi\/#breadcrumb\"},\"inLanguage\":\"en-GB\",\"potentialAction\":[{\"@type\":\"ReadAction\",\"target\":[\"https:\/\/hrdays.net\/2020\/09\/23\/u-krizi-smo-naucili-da-one-size-fits-all-pristup-vise-ne-vrijedi\/\"]}]},{\"@type\":\"ImageObject\",\"inLanguage\":\"en-GB\",\"@id\":\"https:\/\/hrdays.net\/2020\/09\/23\/u-krizi-smo-naucili-da-one-size-fits-all-pristup-vise-ne-vrijedi\/#primaryimage\",\"url\":\"https:\/\/hrdays.net\/wp-content\/uploads\/2021\/04\/Johan-Dressens-2.jpg\",\"contentUrl\":\"https:\/\/hrdays.net\/wp-content\/uploads\/2021\/04\/Johan-Dressens-2.jpg\",\"width\":1498,\"height\":998},{\"@type\":\"BreadcrumbList\",\"@id\":\"https:\/\/hrdays.net\/2020\/09\/23\/u-krizi-smo-naucili-da-one-size-fits-all-pristup-vise-ne-vrijedi\/#breadcrumb\",\"itemListElement\":[{\"@type\":\"ListItem\",\"position\":1,\"name\":\"Home\",\"item\":\"https:\/\/hrdays.net\/\"},{\"@type\":\"ListItem\",\"position\":2,\"name\":\"U krizi smo nau\u010dili da &#8216;one size fits all&#8217; pristup vi\u0161e ne vrijedi\"}]},{\"@type\":\"WebSite\",\"@id\":\"https:\/\/hrdays.net\/#website\",\"url\":\"https:\/\/hrdays.net\/\",\"name\":\"HR Days\",\"description\":\"HRDays - konferencija o upravljanju ljudskim resursima\",\"potentialAction\":[{\"@type\":\"SearchAction\",\"target\":{\"@type\":\"EntryPoint\",\"urlTemplate\":\"https:\/\/hrdays.net\/?s={search_term_string}\"},\"query-input\":{\"@type\":\"PropertyValueSpecification\",\"valueRequired\":true,\"valueName\":\"search_term_string\"}}],\"inLanguage\":\"en-GB\"},{\"@type\":\"Person\",\"@id\":\"https:\/\/hrdays.net\/#\/schema\/person\/3a2395f99aeed1f7e66db364045d45b7\",\"name\":\"Zdenko Hrgovic\",\"image\":{\"@type\":\"ImageObject\",\"inLanguage\":\"en-GB\",\"@id\":\"https:\/\/hrdays.net\/#\/schema\/person\/image\/\",\"url\":\"https:\/\/secure.gravatar.com\/avatar\/779cefe6dfe22fae81d9e83b5937151364c74598f92dc495d56d2332b613307e?s=96&d=mm&r=g\",\"contentUrl\":\"https:\/\/secure.gravatar.com\/avatar\/779cefe6dfe22fae81d9e83b5937151364c74598f92dc495d56d2332b613307e?s=96&d=mm&r=g\",\"caption\":\"Zdenko Hrgovic\"},\"url\":\"https:\/\/hrdays.net\/en\/author\/zdenko\/\"}]}<\/script>\n<!-- \/ Yoast SEO plugin. -->","yoast_head_json":{"title":"U krizi smo nau\u010dili da 'one size fits all' pristup vi\u0161e ne vrijedi - HR Days","robots":{"index":"index","follow":"follow","max-snippet":"max-snippet:-1","max-image-preview":"max-image-preview:large","max-video-preview":"max-video-preview:-1"},"canonical":"https:\/\/hrdays.net\/en\/2020\/09\/23\/u-krizi-smo-naucili-da-one-size-fits-all-pristup-vise-ne-vrijedi\/","og_locale":"en_GB","og_type":"article","og_title":"U krizi smo nau\u010dili da 'one size fits all' pristup vi\u0161e ne vrijedi - HR Days","og_description":"Iza nas je prvi dan 8. HR days konferencije, najve\u0107eg regionalnog okupljanja HR profesionalaca u svrhu razmjene i \u0161irenja znanja, stjecanja novih vje\u0161tina i iskustava te pra\u0107enja trendova iz svijeta ljudskih potencijala. Uslijed aktualne javnozdravstvene situacije, ovogodi\u0161nja konferencija se po...","og_url":"https:\/\/hrdays.net\/en\/2020\/09\/23\/u-krizi-smo-naucili-da-one-size-fits-all-pristup-vise-ne-vrijedi\/","og_site_name":"HR Days","article_published_time":"2020-09-23T11:24:00+00:00","article_modified_time":"2021-05-05T11:28:45+00:00","og_image":[{"width":1498,"height":998,"url":"https:\/\/hrdays.net\/wp-content\/uploads\/2021\/04\/Johan-Dressens-2.jpg","type":"image\/jpeg"}],"author":"Zdenko Hrgovic","twitter_card":"summary_large_image","twitter_misc":{"Written by":"Zdenko Hrgovic","Estimated reading time":"7 minutes"},"schema":{"@context":"https:\/\/schema.org","@graph":[{"@type":"WebPage","@id":"https:\/\/hrdays.net\/2020\/09\/23\/u-krizi-smo-naucili-da-one-size-fits-all-pristup-vise-ne-vrijedi\/","url":"https:\/\/hrdays.net\/2020\/09\/23\/u-krizi-smo-naucili-da-one-size-fits-all-pristup-vise-ne-vrijedi\/","name":"U krizi smo nau\u010dili da 'one size fits all' pristup vi\u0161e ne vrijedi - HR Days","isPartOf":{"@id":"https:\/\/hrdays.net\/#website"},"primaryImageOfPage":{"@id":"https:\/\/hrdays.net\/2020\/09\/23\/u-krizi-smo-naucili-da-one-size-fits-all-pristup-vise-ne-vrijedi\/#primaryimage"},"image":{"@id":"https:\/\/hrdays.net\/2020\/09\/23\/u-krizi-smo-naucili-da-one-size-fits-all-pristup-vise-ne-vrijedi\/#primaryimage"},"thumbnailUrl":"https:\/\/hrdays.net\/wp-content\/uploads\/2021\/04\/Johan-Dressens-2.jpg","datePublished":"2020-09-23T11:24:00+00:00","dateModified":"2021-05-05T11:28:45+00:00","author":{"@id":"https:\/\/hrdays.net\/#\/schema\/person\/3a2395f99aeed1f7e66db364045d45b7"},"breadcrumb":{"@id":"https:\/\/hrdays.net\/2020\/09\/23\/u-krizi-smo-naucili-da-one-size-fits-all-pristup-vise-ne-vrijedi\/#breadcrumb"},"inLanguage":"en-GB","potentialAction":[{"@type":"ReadAction","target":["https:\/\/hrdays.net\/2020\/09\/23\/u-krizi-smo-naucili-da-one-size-fits-all-pristup-vise-ne-vrijedi\/"]}]},{"@type":"ImageObject","inLanguage":"en-GB","@id":"https:\/\/hrdays.net\/2020\/09\/23\/u-krizi-smo-naucili-da-one-size-fits-all-pristup-vise-ne-vrijedi\/#primaryimage","url":"https:\/\/hrdays.net\/wp-content\/uploads\/2021\/04\/Johan-Dressens-2.jpg","contentUrl":"https:\/\/hrdays.net\/wp-content\/uploads\/2021\/04\/Johan-Dressens-2.jpg","width":1498,"height":998},{"@type":"BreadcrumbList","@id":"https:\/\/hrdays.net\/2020\/09\/23\/u-krizi-smo-naucili-da-one-size-fits-all-pristup-vise-ne-vrijedi\/#breadcrumb","itemListElement":[{"@type":"ListItem","position":1,"name":"Home","item":"https:\/\/hrdays.net\/"},{"@type":"ListItem","position":2,"name":"U krizi smo nau\u010dili da &#8216;one size fits all&#8217; pristup vi\u0161e ne vrijedi"}]},{"@type":"WebSite","@id":"https:\/\/hrdays.net\/#website","url":"https:\/\/hrdays.net\/","name":"HR Days","description":"HRDays - konferencija o upravljanju ljudskim resursima","potentialAction":[{"@type":"SearchAction","target":{"@type":"EntryPoint","urlTemplate":"https:\/\/hrdays.net\/?s={search_term_string}"},"query-input":{"@type":"PropertyValueSpecification","valueRequired":true,"valueName":"search_term_string"}}],"inLanguage":"en-GB"},{"@type":"Person","@id":"https:\/\/hrdays.net\/#\/schema\/person\/3a2395f99aeed1f7e66db364045d45b7","name":"Zdenko Hrgovic","image":{"@type":"ImageObject","inLanguage":"en-GB","@id":"https:\/\/hrdays.net\/#\/schema\/person\/image\/","url":"https:\/\/secure.gravatar.com\/avatar\/779cefe6dfe22fae81d9e83b5937151364c74598f92dc495d56d2332b613307e?s=96&d=mm&r=g","contentUrl":"https:\/\/secure.gravatar.com\/avatar\/779cefe6dfe22fae81d9e83b5937151364c74598f92dc495d56d2332b613307e?s=96&d=mm&r=g","caption":"Zdenko Hrgovic"},"url":"https:\/\/hrdays.net\/en\/author\/zdenko\/"}]}},"_links":{"self":[{"href":"https:\/\/hrdays.net\/en\/wp-json\/wp\/v2\/posts\/3312","targetHints":{"allow":["GET"]}}],"collection":[{"href":"https:\/\/hrdays.net\/en\/wp-json\/wp\/v2\/posts"}],"about":[{"href":"https:\/\/hrdays.net\/en\/wp-json\/wp\/v2\/types\/post"}],"author":[{"embeddable":true,"href":"https:\/\/hrdays.net\/en\/wp-json\/wp\/v2\/users\/2"}],"replies":[{"embeddable":true,"href":"https:\/\/hrdays.net\/en\/wp-json\/wp\/v2\/comments?post=3312"}],"version-history":[{"count":1,"href":"https:\/\/hrdays.net\/en\/wp-json\/wp\/v2\/posts\/3312\/revisions"}],"predecessor-version":[{"id":3313,"href":"https:\/\/hrdays.net\/en\/wp-json\/wp\/v2\/posts\/3312\/revisions\/3313"}],"wp:featuredmedia":[{"embeddable":true,"href":"https:\/\/hrdays.net\/en\/wp-json\/wp\/v2\/media\/3062"}],"wp:attachment":[{"href":"https:\/\/hrdays.net\/en\/wp-json\/wp\/v2\/media?parent=3312"}],"wp:term":[{"taxonomy":"category","embeddable":true,"href":"https:\/\/hrdays.net\/en\/wp-json\/wp\/v2\/categories?post=3312"},{"taxonomy":"post_tag","embeddable":true,"href":"https:\/\/hrdays.net\/en\/wp-json\/wp\/v2\/tags?post=3312"}],"curies":[{"name":"wp","href":"https:\/\/api.w.org\/{rel}","templated":true}]}}