{"id":3021,"date":"2020-09-14T10:11:39","date_gmt":"2020-09-14T08:11:39","guid":{"rendered":"https:\/\/hrdays.org\/?p=3021"},"modified":"2021-05-03T15:58:02","modified_gmt":"2021-05-03T13:58:02","slug":"najboljim-hr-praksama-u-prosloj-godini-mogu-se-podiciti-infinum-terme-sv-martin-i-span","status":"publish","type":"post","link":"https:\/\/hrdays.net\/en\/2020\/09\/14\/najboljim-hr-praksama-u-prosloj-godini-mogu-se-podiciti-infinum-terme-sv-martin-i-span\/","title":{"rendered":"Najboljim HR praksama u pro\u0161loj godini mogu se podi\u010diti Infinum, Terme Sv. Martin i Span"},"content":{"rendered":"<figure class=\"wp-block-image size-large\"><img loading=\"lazy\" decoding=\"async\" width=\"820\" height=\"546\" src=\"https:\/\/hrdays.net\/wp-content\/uploads\/2021\/04\/6fff0aba1-resize-820x0x100.jpg\" alt=\"\" class=\"wp-image-3022\" srcset=\"https:\/\/hrdays.net\/wp-content\/uploads\/2021\/04\/6fff0aba1-resize-820x0x100.jpg 820w, https:\/\/hrdays.net\/wp-content\/uploads\/2021\/04\/6fff0aba1-resize-820x0x100-300x200.jpg 300w, https:\/\/hrdays.net\/wp-content\/uploads\/2021\/04\/6fff0aba1-resize-820x0x100-768x511.jpg 768w, https:\/\/hrdays.net\/wp-content\/uploads\/2021\/04\/6fff0aba1-resize-820x0x100-600x400.jpg 600w\" sizes=\"auto, (max-width: 820px) 100vw, 820px\" \/><\/figure>\n\n\n\n<p><strong>Osmu godinu zaredom, u organizaciji portala MojPosao, odr\u017eana je HR days konferencija.<\/strong><\/p>\n\n\n\n<p>Dodjelom priznanja najkvalitetnijim HR praksama u 2019. godini, spu\u0161ten je zastor na ovogodi\u0161nje izdanje&nbsp;<a href=\"https:\/\/hrdays.net\/en\/\" target=\"_blank\" rel=\"noreferrer noopener\">HR Days conference<\/a>, dvodnevnog stru\u010dnog okupljanja HR profesionalaca iz Hrvatske i regije, koja se ove godine po prvi put odr\u017eala online, u virtualnom okru\u017eenju.<\/p>\n\n\n\n<p>Pored inspirativnih i korisnih predavanja izvanrednih doma\u0107ih i stranih predava\u010da te panela o poticanju zaposlenika da se oku\u0161aju u ulozi koju sve \u010de\u0161\u0107e tra\u017eimo od njih &#8211;&nbsp;onoj<strong>&nbsp;ambasadora tvrtke<\/strong>, konferencija je&nbsp;ponovno ponudila dodjelu nagrada najboljim&nbsp;<a href=\"https:\/\/hrdays.net\/en\/hr-prakse\/\" target=\"_blank\" rel=\"noreferrer noopener\">HR practices<\/a>&nbsp;i projektima u protekloj godini.<\/p>\n\n\n\n<p>Rije\u010d je o priznanju koje MojPosao dodjeljuje ve\u0107 deset godina zaredom, a ove godine je na adresu na\u0161eg stru\u010dnog \u017eirija svoje projekte dostavio rekordan broj tvrtki \u2013 njih \u010dak 28.<\/p>\n\n\n\n<p>U kona\u010dnici, finale su izborili:&nbsp;<strong>A1 Hrvatska<\/strong>,&nbsp;<strong>Span<\/strong>,&nbsp;<strong>Hrvatski telekom<\/strong>,&nbsp;<strong>Lifeclass Terme Sv. Martin<\/strong>&nbsp;and&nbsp;<strong>Infinum<\/strong>.<\/p>\n\n\n\n<p><strong>Publika je ponovno odlu\u010dila pobjednika<\/strong><\/p>\n\n\n\n<p>Predstavnici HR odjela svih tvrtki koje su u\u0161le u naju\u017ei izbor odr\u017eali su kratke prezentacije o projektima koje su proveli, nakon \u010dega je uslijedilo glasovanje dodatnog, vjerojatno i najva\u017enijeg \u010dlana \u017eirija &#8211; na\u0161e&nbsp;<strong>publike<\/strong>, odnosno sudionika konferencije.<\/p>\n\n\n\n<p>Evo i kona\u010dnog poretka:<\/p>\n\n\n\n<p>Prvo mjesto&nbsp;i nagradu za najbolju pro\u0161logodi\u0161nju HR praksu&nbsp;zaslu\u017eila je tvrtka Infinum za inovativan projekt motivacije zaposlenika pod nazivom&nbsp;<strong>&#8216;Eggcellent&#8217;<\/strong>. Drugo mjesto su zahvaljuju\u0107i projektu&nbsp;<strong>&#8216;Radi i dodatno zaradi&#8217;<\/strong>&nbsp;osvojile Terme Sv. Martin, dok je tre\u0107e mjesto pripalo tvrtki Span i njihovu programu<strong>&nbsp;&#8216;Span tv&#8217;<\/strong>.<\/p>\n\n\n\n<p>\u010cestitke dobitnicima, ali i svima onima koji svojim kreativnim radom i inovativnim projektima predano promi\u010du ulogu HR-a u stvaranju poticajnih radnih okru\u017eenja u kojima je zadovoljstvo raditi.<\/p>\n\n\n\n<p>foto: Toni Lugarov<\/p>","protected":false},"excerpt":{"rendered":"<p>Osmu godinu zaredom, u organizaciji portala MojPosao, odr\u017eana je HR days konferencija. Dodjelom priznanja najkvalitetnijim HR praksama u 2019. godini, spu\u0161ten je zastor na ovogodi\u0161nje izdanje&nbsp;HR Days konferencije, dvodnevnog stru\u010dnog okupljanja HR profesionalaca iz Hrvatske i regije, koja se ove&#8230;<\/p>","protected":false},"author":2,"featured_media":3022,"comment_status":"closed","ping_status":"closed","sticky":false,"template":"","format":"standard","meta":{"_monsterinsights_skip_tracking":false,"_monsterinsights_sitenote_active":false,"_monsterinsights_sitenote_note":"","_monsterinsights_sitenote_category":0,"footnotes":""},"categories":[20],"tags":[],"class_list":["post-3021","post","type-post","status-publish","format-standard","has-post-thumbnail","hentry","category-vijesti"],"yoast_head":"<!-- This site is optimized with the Yoast SEO plugin v25.3 - https:\/\/yoast.com\/wordpress\/plugins\/seo\/ -->\n<title>Najboljim HR praksama u pro\u0161loj godini mogu se podi\u010diti Infinum, Terme Sv. Martin i Span - HR Days<\/title>\n<meta name=\"robots\" content=\"index, follow, max-snippet:-1, max-image-preview:large, max-video-preview:-1\" \/>\n<link rel=\"canonical\" href=\"https:\/\/hrdays.net\/en\/2020\/09\/14\/najboljim-hr-praksama-u-prosloj-godini-mogu-se-podiciti-infinum-terme-sv-martin-i-span\/\" \/>\n<meta property=\"og:locale\" content=\"en_GB\" \/>\n<meta property=\"og:type\" content=\"article\" \/>\n<meta property=\"og:title\" content=\"Najboljim HR praksama u pro\u0161loj godini mogu se podi\u010diti Infinum, Terme Sv. Martin i Span - HR Days\" \/>\n<meta property=\"og:description\" content=\"Osmu godinu zaredom, u organizaciji portala MojPosao, odr\u017eana je HR days konferencija. Dodjelom priznanja najkvalitetnijim HR praksama u 2019. godini, spu\u0161ten je zastor na ovogodi\u0161nje izdanje&nbsp;HR Days konferencije, dvodnevnog stru\u010dnog okupljanja HR profesionalaca iz Hrvatske i regije, koja se ove...\" \/>\n<meta property=\"og:url\" content=\"https:\/\/hrdays.net\/en\/2020\/09\/14\/najboljim-hr-praksama-u-prosloj-godini-mogu-se-podiciti-infinum-terme-sv-martin-i-span\/\" \/>\n<meta property=\"og:site_name\" content=\"HR Days\" \/>\n<meta property=\"article:published_time\" content=\"2020-09-14T08:11:39+00:00\" \/>\n<meta property=\"article:modified_time\" content=\"2021-05-03T13:58:02+00:00\" \/>\n<meta property=\"og:image\" content=\"https:\/\/hrdays.net\/wp-content\/uploads\/2021\/04\/6fff0aba1-resize-820x0x100.jpg\" \/>\n\t<meta property=\"og:image:width\" content=\"820\" \/>\n\t<meta property=\"og:image:height\" content=\"546\" \/>\n\t<meta property=\"og:image:type\" content=\"image\/jpeg\" \/>\n<meta name=\"author\" content=\"Zdenko Hrgovic\" \/>\n<meta name=\"twitter:card\" content=\"summary_large_image\" \/>\n<meta name=\"twitter:label1\" content=\"Written by\" \/>\n\t<meta name=\"twitter:data1\" content=\"Zdenko Hrgovic\" \/>\n\t<meta name=\"twitter:label2\" content=\"Estimated reading time\" \/>\n\t<meta name=\"twitter:data2\" content=\"2 minutes\" \/>\n<script type=\"application\/ld+json\" class=\"yoast-schema-graph\">{\"@context\":\"https:\/\/schema.org\",\"@graph\":[{\"@type\":\"WebPage\",\"@id\":\"https:\/\/hrdays.net\/2020\/09\/14\/najboljim-hr-praksama-u-prosloj-godini-mogu-se-podiciti-infinum-terme-sv-martin-i-span\/\",\"url\":\"https:\/\/hrdays.net\/2020\/09\/14\/najboljim-hr-praksama-u-prosloj-godini-mogu-se-podiciti-infinum-terme-sv-martin-i-span\/\",\"name\":\"Najboljim HR praksama u pro\u0161loj godini mogu se podi\u010diti Infinum, Terme Sv. Martin i Span - HR Days\",\"isPartOf\":{\"@id\":\"https:\/\/hrdays.net\/#website\"},\"primaryImageOfPage\":{\"@id\":\"https:\/\/hrdays.net\/2020\/09\/14\/najboljim-hr-praksama-u-prosloj-godini-mogu-se-podiciti-infinum-terme-sv-martin-i-span\/#primaryimage\"},\"image\":{\"@id\":\"https:\/\/hrdays.net\/2020\/09\/14\/najboljim-hr-praksama-u-prosloj-godini-mogu-se-podiciti-infinum-terme-sv-martin-i-span\/#primaryimage\"},\"thumbnailUrl\":\"https:\/\/hrdays.net\/wp-content\/uploads\/2021\/04\/6fff0aba1-resize-820x0x100.jpg\",\"datePublished\":\"2020-09-14T08:11:39+00:00\",\"dateModified\":\"2021-05-03T13:58:02+00:00\",\"author\":{\"@id\":\"https:\/\/hrdays.net\/#\/schema\/person\/3a2395f99aeed1f7e66db364045d45b7\"},\"breadcrumb\":{\"@id\":\"https:\/\/hrdays.net\/2020\/09\/14\/najboljim-hr-praksama-u-prosloj-godini-mogu-se-podiciti-infinum-terme-sv-martin-i-span\/#breadcrumb\"},\"inLanguage\":\"en-GB\",\"potentialAction\":[{\"@type\":\"ReadAction\",\"target\":[\"https:\/\/hrdays.net\/2020\/09\/14\/najboljim-hr-praksama-u-prosloj-godini-mogu-se-podiciti-infinum-terme-sv-martin-i-span\/\"]}]},{\"@type\":\"ImageObject\",\"inLanguage\":\"en-GB\",\"@id\":\"https:\/\/hrdays.net\/2020\/09\/14\/najboljim-hr-praksama-u-prosloj-godini-mogu-se-podiciti-infinum-terme-sv-martin-i-span\/#primaryimage\",\"url\":\"https:\/\/hrdays.net\/wp-content\/uploads\/2021\/04\/6fff0aba1-resize-820x0x100.jpg\",\"contentUrl\":\"https:\/\/hrdays.net\/wp-content\/uploads\/2021\/04\/6fff0aba1-resize-820x0x100.jpg\",\"width\":820,\"height\":546},{\"@type\":\"BreadcrumbList\",\"@id\":\"https:\/\/hrdays.net\/2020\/09\/14\/najboljim-hr-praksama-u-prosloj-godini-mogu-se-podiciti-infinum-terme-sv-martin-i-span\/#breadcrumb\",\"itemListElement\":[{\"@type\":\"ListItem\",\"position\":1,\"name\":\"Home\",\"item\":\"https:\/\/hrdays.net\/\"},{\"@type\":\"ListItem\",\"position\":2,\"name\":\"Najboljim HR praksama u pro\u0161loj godini mogu se podi\u010diti Infinum, Terme Sv. Martin i Span\"}]},{\"@type\":\"WebSite\",\"@id\":\"https:\/\/hrdays.net\/#website\",\"url\":\"https:\/\/hrdays.net\/\",\"name\":\"HR Days\",\"description\":\"HRDays - konferencija o upravljanju ljudskim resursima\",\"potentialAction\":[{\"@type\":\"SearchAction\",\"target\":{\"@type\":\"EntryPoint\",\"urlTemplate\":\"https:\/\/hrdays.net\/?s={search_term_string}\"},\"query-input\":{\"@type\":\"PropertyValueSpecification\",\"valueRequired\":true,\"valueName\":\"search_term_string\"}}],\"inLanguage\":\"en-GB\"},{\"@type\":\"Person\",\"@id\":\"https:\/\/hrdays.net\/#\/schema\/person\/3a2395f99aeed1f7e66db364045d45b7\",\"name\":\"Zdenko Hrgovic\",\"image\":{\"@type\":\"ImageObject\",\"inLanguage\":\"en-GB\",\"@id\":\"https:\/\/hrdays.net\/#\/schema\/person\/image\/\",\"url\":\"https:\/\/secure.gravatar.com\/avatar\/779cefe6dfe22fae81d9e83b5937151364c74598f92dc495d56d2332b613307e?s=96&d=mm&r=g\",\"contentUrl\":\"https:\/\/secure.gravatar.com\/avatar\/779cefe6dfe22fae81d9e83b5937151364c74598f92dc495d56d2332b613307e?s=96&d=mm&r=g\",\"caption\":\"Zdenko Hrgovic\"},\"url\":\"https:\/\/hrdays.net\/en\/author\/zdenko\/\"}]}<\/script>\n<!-- \/ Yoast SEO plugin. -->","yoast_head_json":{"title":"Najboljim HR praksama u pro\u0161loj godini mogu se podi\u010diti Infinum, Terme Sv. Martin i Span - HR Days","robots":{"index":"index","follow":"follow","max-snippet":"max-snippet:-1","max-image-preview":"max-image-preview:large","max-video-preview":"max-video-preview:-1"},"canonical":"https:\/\/hrdays.net\/en\/2020\/09\/14\/najboljim-hr-praksama-u-prosloj-godini-mogu-se-podiciti-infinum-terme-sv-martin-i-span\/","og_locale":"en_GB","og_type":"article","og_title":"Najboljim HR praksama u pro\u0161loj godini mogu se podi\u010diti Infinum, Terme Sv. Martin i Span - HR Days","og_description":"Osmu godinu zaredom, u organizaciji portala MojPosao, odr\u017eana je HR days konferencija. Dodjelom priznanja najkvalitetnijim HR praksama u 2019. godini, spu\u0161ten je zastor na ovogodi\u0161nje izdanje&nbsp;HR Days konferencije, dvodnevnog stru\u010dnog okupljanja HR profesionalaca iz Hrvatske i regije, koja se ove...","og_url":"https:\/\/hrdays.net\/en\/2020\/09\/14\/najboljim-hr-praksama-u-prosloj-godini-mogu-se-podiciti-infinum-terme-sv-martin-i-span\/","og_site_name":"HR Days","article_published_time":"2020-09-14T08:11:39+00:00","article_modified_time":"2021-05-03T13:58:02+00:00","og_image":[{"width":820,"height":546,"url":"https:\/\/hrdays.net\/wp-content\/uploads\/2021\/04\/6fff0aba1-resize-820x0x100.jpg","type":"image\/jpeg"}],"author":"Zdenko Hrgovic","twitter_card":"summary_large_image","twitter_misc":{"Written by":"Zdenko Hrgovic","Estimated reading time":"2 minutes"},"schema":{"@context":"https:\/\/schema.org","@graph":[{"@type":"WebPage","@id":"https:\/\/hrdays.net\/2020\/09\/14\/najboljim-hr-praksama-u-prosloj-godini-mogu-se-podiciti-infinum-terme-sv-martin-i-span\/","url":"https:\/\/hrdays.net\/2020\/09\/14\/najboljim-hr-praksama-u-prosloj-godini-mogu-se-podiciti-infinum-terme-sv-martin-i-span\/","name":"Najboljim HR praksama u pro\u0161loj godini mogu se podi\u010diti Infinum, Terme Sv. Martin i Span - HR Days","isPartOf":{"@id":"https:\/\/hrdays.net\/#website"},"primaryImageOfPage":{"@id":"https:\/\/hrdays.net\/2020\/09\/14\/najboljim-hr-praksama-u-prosloj-godini-mogu-se-podiciti-infinum-terme-sv-martin-i-span\/#primaryimage"},"image":{"@id":"https:\/\/hrdays.net\/2020\/09\/14\/najboljim-hr-praksama-u-prosloj-godini-mogu-se-podiciti-infinum-terme-sv-martin-i-span\/#primaryimage"},"thumbnailUrl":"https:\/\/hrdays.net\/wp-content\/uploads\/2021\/04\/6fff0aba1-resize-820x0x100.jpg","datePublished":"2020-09-14T08:11:39+00:00","dateModified":"2021-05-03T13:58:02+00:00","author":{"@id":"https:\/\/hrdays.net\/#\/schema\/person\/3a2395f99aeed1f7e66db364045d45b7"},"breadcrumb":{"@id":"https:\/\/hrdays.net\/2020\/09\/14\/najboljim-hr-praksama-u-prosloj-godini-mogu-se-podiciti-infinum-terme-sv-martin-i-span\/#breadcrumb"},"inLanguage":"en-GB","potentialAction":[{"@type":"ReadAction","target":["https:\/\/hrdays.net\/2020\/09\/14\/najboljim-hr-praksama-u-prosloj-godini-mogu-se-podiciti-infinum-terme-sv-martin-i-span\/"]}]},{"@type":"ImageObject","inLanguage":"en-GB","@id":"https:\/\/hrdays.net\/2020\/09\/14\/najboljim-hr-praksama-u-prosloj-godini-mogu-se-podiciti-infinum-terme-sv-martin-i-span\/#primaryimage","url":"https:\/\/hrdays.net\/wp-content\/uploads\/2021\/04\/6fff0aba1-resize-820x0x100.jpg","contentUrl":"https:\/\/hrdays.net\/wp-content\/uploads\/2021\/04\/6fff0aba1-resize-820x0x100.jpg","width":820,"height":546},{"@type":"BreadcrumbList","@id":"https:\/\/hrdays.net\/2020\/09\/14\/najboljim-hr-praksama-u-prosloj-godini-mogu-se-podiciti-infinum-terme-sv-martin-i-span\/#breadcrumb","itemListElement":[{"@type":"ListItem","position":1,"name":"Home","item":"https:\/\/hrdays.net\/"},{"@type":"ListItem","position":2,"name":"Najboljim HR praksama u pro\u0161loj godini mogu se podi\u010diti Infinum, Terme Sv. Martin i Span"}]},{"@type":"WebSite","@id":"https:\/\/hrdays.net\/#website","url":"https:\/\/hrdays.net\/","name":"HR Days","description":"HRDays - konferencija o upravljanju ljudskim resursima","potentialAction":[{"@type":"SearchAction","target":{"@type":"EntryPoint","urlTemplate":"https:\/\/hrdays.net\/?s={search_term_string}"},"query-input":{"@type":"PropertyValueSpecification","valueRequired":true,"valueName":"search_term_string"}}],"inLanguage":"en-GB"},{"@type":"Person","@id":"https:\/\/hrdays.net\/#\/schema\/person\/3a2395f99aeed1f7e66db364045d45b7","name":"Zdenko Hrgovic","image":{"@type":"ImageObject","inLanguage":"en-GB","@id":"https:\/\/hrdays.net\/#\/schema\/person\/image\/","url":"https:\/\/secure.gravatar.com\/avatar\/779cefe6dfe22fae81d9e83b5937151364c74598f92dc495d56d2332b613307e?s=96&d=mm&r=g","contentUrl":"https:\/\/secure.gravatar.com\/avatar\/779cefe6dfe22fae81d9e83b5937151364c74598f92dc495d56d2332b613307e?s=96&d=mm&r=g","caption":"Zdenko Hrgovic"},"url":"https:\/\/hrdays.net\/en\/author\/zdenko\/"}]}},"_links":{"self":[{"href":"https:\/\/hrdays.net\/en\/wp-json\/wp\/v2\/posts\/3021","targetHints":{"allow":["GET"]}}],"collection":[{"href":"https:\/\/hrdays.net\/en\/wp-json\/wp\/v2\/posts"}],"about":[{"href":"https:\/\/hrdays.net\/en\/wp-json\/wp\/v2\/types\/post"}],"author":[{"embeddable":true,"href":"https:\/\/hrdays.net\/en\/wp-json\/wp\/v2\/users\/2"}],"replies":[{"embeddable":true,"href":"https:\/\/hrdays.net\/en\/wp-json\/wp\/v2\/comments?post=3021"}],"version-history":[{"count":1,"href":"https:\/\/hrdays.net\/en\/wp-json\/wp\/v2\/posts\/3021\/revisions"}],"predecessor-version":[{"id":3023,"href":"https:\/\/hrdays.net\/en\/wp-json\/wp\/v2\/posts\/3021\/revisions\/3023"}],"wp:featuredmedia":[{"embeddable":true,"href":"https:\/\/hrdays.net\/en\/wp-json\/wp\/v2\/media\/3022"}],"wp:attachment":[{"href":"https:\/\/hrdays.net\/en\/wp-json\/wp\/v2\/media?parent=3021"}],"wp:term":[{"taxonomy":"category","embeddable":true,"href":"https:\/\/hrdays.net\/en\/wp-json\/wp\/v2\/categories?post=3021"},{"taxonomy":"post_tag","embeddable":true,"href":"https:\/\/hrdays.net\/en\/wp-json\/wp\/v2\/tags?post=3021"}],"curies":[{"name":"wp","href":"https:\/\/api.w.org\/{rel}","templated":true}]}}